{"id":19166,"date":"2025-02-15T14:17:25","date_gmt":"2025-02-15T11:17:25","guid":{"rendered":"https:\/\/www.egemtv.com\/?p=19166"},"modified":"2025-02-15T14:17:29","modified_gmt":"2025-02-15T11:17:29","slug":"buyuksehir-acil-mudahale-teknesinden-yat-yanginina-mudahale","status":"publish","type":"post","link":"https:\/\/www.egemtv.com\/?p=19166","title":{"rendered":"B\u00fcy\u00fck\u015fehir acil m\u00fcdahale teknesinden yat yang\u0131n\u0131na m\u00fcdahale"},"content":{"rendered":"<p>Mu\u011fla\u2019n\u0131n Marmaris il\u00e7esinde Yalanc\u0131 Bo\u011faz mevkiinde Nefes isimli motor yatta bilinmeyen sebepten dolay\u0131 yang\u0131n \u00e7\u0131kt\u0131. Yang\u0131na ilk m\u00fcdahaleyi B\u00fcy\u00fck\u015fehir Belediyesine ait Mu\u011fla BB-19 isimli yang\u0131n s\u00f6nd\u00fcrme teknesi m\u00fcdahale ederek yang\u0131n\u0131n di\u011fer teknelere s\u0131\u00e7ramas\u0131n\u0131 \u00f6nledi.<br \/>\n<br \/>B\u00fcy\u00fck\u015fehir ekipleri an\u0131nda m\u00fcdahale etti<br \/>\n<br \/>Yat turizmi a\u00e7\u0131s\u0131ndan T\u00fcrkiye\u2019nin en \u00f6nemli turizm merkezlerinden birisi olan Marmaris her y\u0131l y\u00fczlerce yata ev sahipli\u011fi yap\u0131yor. Marmaris\u2019in Yalanc\u0131 Bo\u011faz mevkiinde Nefes isimli motor yatta sebebi bilinmeyen bir nedenden dolay\u0131 yang\u0131n \u00e7\u0131kt\u0131. Mu\u011fla B\u00fcy\u00fck\u015fehir Belediyesi\u2019nin Mu\u011fla BB-19 isimli acil m\u00fcdahale teknesi personeli ile birlikte yang\u0131n b\u00f6lgesine hareket ederek motor yatta \u00e7\u0131kan yang\u0131na m\u00fcdahale etti. Ekiplerin yo\u011fun \u00e7abas\u0131 sonras\u0131nda motor yat yang\u0131n\u0131 s\u00f6nd\u00fcr\u00fcld\u00fc. Yang\u0131nda herhangi bir can kayb\u0131 olmazken, Nefes isimli motor yatta b\u00fcy\u00fck hasar olu\u015ftu.<br \/>\n<br \/>Mu\u011fla B\u00fcy\u00fck\u015fehir Belediyesi taraf\u0131ndan al\u0131nan \u00fc\u00e7 adet \u00e7ok ama\u00e7l\u0131 acil m\u00fcdahale teknesi deniz yang\u0131nlar\u0131na ilk m\u00fcdahale, personel ve yaral\u0131 nakli, denizde kontrol g\u00f6revi ve deniz y\u00fczeyi temizli\u011fi yap\u0131yor. \u00c7ok ama\u00e7l\u0131 acil m\u00fcdahale tekneleri Fethiye, Bodrum ve Marmaris limanlar\u0131nda hizmette.<br \/>\n<br \/>K\u0131y\u0131 Ege Belediyeler Birli\u011fi ve Mu\u011fla B\u00fcy\u00fck\u015fehir Belediye Ba\u015fkan\u0131 Ahmet Aras, yang\u0131ndan etkilenen vatanda\u015flara ge\u00e7mi\u015f olsun dileklerini iletirken, bu kazada can kayb\u0131n\u0131n olmamas\u0131n\u0131n sevindirici oldu\u011funu ve bu t\u00fcr k\u00f6t\u00fc senaryolar\u0131n ger\u00e7ekle\u015fmemesi i\u00e7in muhtemel yang\u0131nlara kar\u015f\u0131 \u00f6nlemler ald\u0131klar\u0131n\u0131 a\u00e7\u0131klad\u0131. Ba\u015fkan Aras, Bodrum, Marmaris ve Fethiye il\u00e7elerinde denizde olu\u015fabilecek bir felaket i\u00e7in acil m\u00fcdahale teknelerinin 24 saat g\u00f6rev ba\u015f\u0131nda oldu\u011funu belirti.<br \/><\/p>\n","protected":false},"excerpt":{"rendered":"<p>Mu\u011fla\u2019n\u0131n Marmaris il\u00e7esinde Yalanc\u0131 Bo\u011faz mevkiinde Nefes isimli motor yatta bilinmeyen sebepten dolay\u0131 yang\u0131n \u00e7\u0131kt\u0131. Yang\u0131na ilk m\u00fcdahaleyi B\u00fcy\u00fck\u015fehir Belediyesine ait Mu\u011fla BB-19 isimli yang\u0131n s\u00f6nd\u00fcrme teknesi m\u00fcdahale ederek yang\u0131n\u0131n di\u011fer teknelere s\u0131\u00e7ramas\u0131n\u0131 \u00f6nledi. B\u00fcy\u00fck\u015fehir ekipleri an\u0131nda m\u00fcdahale etti Yat turizmi a\u00e7\u0131s\u0131ndan T\u00fcrkiye\u2019nin en \u00f6nemli turizm merkezlerinden birisi olan Marmaris her y\u0131l y\u00fczlerce yata ev&#8230;<\/p>\n","protected":false},"author":1,"featured_media":19167,"comment_status":"open","ping_status":"open","sticky":false,"template":"","format":"standard","meta":{"_crdt_document":"","footnotes":""},"categories":[5],"tags":[],"class_list":["post-19166","post","type-post","status-publish","format-standard","has-post-thumbnail","hentry","category-asayis"],"_links":{"self":[{"href":"https:\/\/www.egemtv.com\/index.php?rest_route=\/wp\/v2\/posts\/19166","targetHints":{"allow":["GET"]}}],"collection":[{"href":"https:\/\/www.egemtv.com\/index.php?rest_route=\/wp\/v2\/posts"}],"about":[{"href":"https:\/\/www.egemtv.com\/index.php?rest_route=\/wp\/v2\/types\/post"}],"author":[{"embeddable":true,"href":"https:\/\/www.egemtv.com\/index.php?rest_route=\/wp\/v2\/users\/1"}],"replies":[{"embeddable":true,"href":"https:\/\/www.egemtv.com\/index.php?rest_route=%2Fwp%2Fv2%2Fcomments&post=19166"}],"version-history":[{"count":1,"href":"https:\/\/www.egemtv.com\/index.php?rest_route=\/wp\/v2\/posts\/19166\/revisions"}],"predecessor-version":[{"id":19168,"href":"https:\/\/www.egemtv.com\/index.php?rest_route=\/wp\/v2\/posts\/19166\/revisions\/19168"}],"wp:featuredmedia":[{"embeddable":true,"href":"https:\/\/www.egemtv.com\/index.php?rest_route=\/wp\/v2\/media\/19167"}],"wp:attachment":[{"href":"https:\/\/www.egemtv.com\/index.php?rest_route=%2Fwp%2Fv2%2Fmedia&parent=19166"}],"wp:term":[{"taxonomy":"category","embeddable":true,"href":"https:\/\/www.egemtv.com\/index.php?rest_route=%2Fwp%2Fv2%2Fcategories&post=19166"},{"taxonomy":"post_tag","embeddable":true,"href":"https:\/\/www.egemtv.com\/index.php?rest_route=%2Fwp%2Fv2%2Ftags&post=19166"}],"curies":[{"name":"wp","href":"https:\/\/api.w.org\/{rel}","templated":true}]}}