{"id":19163,"date":"2025-02-15T14:00:57","date_gmt":"2025-02-15T11:00:57","guid":{"rendered":"https:\/\/www.egemtv.com\/?p=19163"},"modified":"2025-02-15T14:01:03","modified_gmt":"2025-02-15T11:01:03","slug":"okul-sporlari-gencler-oryantiring-musabakalari-tamamlandi","status":"publish","type":"post","link":"https:\/\/www.egemtv.com\/?p=19163","title":{"rendered":"Okul Sporlar\u0131 Gen\u00e7ler Oryantiring m\u00fcsabakalar\u0131 tamamland\u0131"},"content":{"rendered":"<p>Okul Sporlar\u0131 Gen\u00e7ler Oryantiring m\u00fcsabakalar\u0131, Afyonkarahisar\u2019\u0131n Bayat il\u00e7esinde tamamland\u0131.<br \/>\n<br \/>M\u00fcsabakalara, \u00e7e\u015fitli okullardan kat\u0131lan sporcular ve antren\u00f6rler b\u00fcy\u00fck ilgi g\u00f6sterdi. A\u00e7\u0131l\u0131\u015f konu\u015fmas\u0131nda s\u00f6z alan Afyonkarahisar Gen\u00e7lik ve Spor \u0130l M\u00fcd\u00fcr\u00fc \u0130smail Hakk\u0131 Kasapo\u011flu, \u00f6\u011frencilerin ve sporcular\u0131n g\u00f6sterdi\u011fi ilgiden duydu\u011fu memnuniyeti dile getirdi. Kasapo\u011flu, okullarda sporun yayg\u0131nla\u015ft\u0131r\u0131lmas\u0131n\u0131n \u00f6nemine dikkat \u00e7ekerek, bu t\u00fcr organizasyonlar\u0131n gen\u00e7lerin fiziksel ve zihinsel geli\u015fimlerine b\u00fcy\u00fck katk\u0131 sa\u011flad\u0131\u011f\u0131n\u0131 belirtti. Ayr\u0131ca, il genelinde d\u00fczenlenen okul sporlar\u0131 faaliyetlerinin sporun her bran\u015f\u0131nda b\u00fcy\u00fck bir ivme kazand\u0131\u011f\u0131n\u0131 ve \u00f6zellikle oryantiring gibi do\u011fa sporlar\u0131n\u0131n gen\u00e7ler aras\u0131nda daha da pop\u00fcler hale geldi\u011fini s\u00f6yledi. Kasapo\u011flu, \u00f6\u011frencilere sporun sadece bir yar\u0131\u015fma de\u011fil, ayn\u0131 zamanda ya\u015fam bi\u00e7imi oldu\u011funu hat\u0131rlatarak, onlar\u0131n sadece yar\u0131\u015fmalarla de\u011fil, g\u00fcnl\u00fck ya\u015famlar\u0131nda da aktif olmalar\u0131n\u0131 te\u015fvik etti.<br \/>\n<br \/>Oryantiring m\u00fcsabakalar\u0131, gen\u00e7ler kategorisinde farkl\u0131 okullardan gelen sporcular\u0131n kat\u0131l\u0131m\u0131 ile Bayat il\u00e7esinin \u00e7e\u015fitli b\u00f6lgelerinde, zorlu parkurlarda yap\u0131ld\u0131. \u0130l\u00e7e merkezinde, harita ve pusula ile belirlenen noktalara en h\u0131zl\u0131 \u015fekilde ula\u015fmak amac\u0131yla yar\u0131\u015fan sporcular zamanla yar\u0131\u015ft\u0131.<br \/><\/p>\n","protected":false},"excerpt":{"rendered":"<p>Okul Sporlar\u0131 Gen\u00e7ler Oryantiring m\u00fcsabakalar\u0131, Afyonkarahisar\u2019\u0131n Bayat il\u00e7esinde tamamland\u0131. M\u00fcsabakalara, \u00e7e\u015fitli okullardan kat\u0131lan sporcular ve antren\u00f6rler b\u00fcy\u00fck ilgi g\u00f6sterdi. A\u00e7\u0131l\u0131\u015f konu\u015fmas\u0131nda s\u00f6z alan Afyonkarahisar Gen\u00e7lik ve Spor \u0130l M\u00fcd\u00fcr\u00fc \u0130smail Hakk\u0131 Kasapo\u011flu, \u00f6\u011frencilerin ve sporcular\u0131n g\u00f6sterdi\u011fi ilgiden duydu\u011fu memnuniyeti dile getirdi. Kasapo\u011flu, okullarda sporun yayg\u0131nla\u015ft\u0131r\u0131lmas\u0131n\u0131n \u00f6nemine dikkat \u00e7ekerek, bu t\u00fcr organizasyonlar\u0131n gen\u00e7lerin fiziksel ve zihinsel&#8230;<\/p>\n","protected":false},"author":1,"featured_media":19164,"comment_status":"open","ping_status":"open","sticky":false,"template":"","format":"standard","meta":{"_crdt_document":"","footnotes":""},"categories":[4],"tags":[],"class_list":["post-19163","post","type-post","status-publish","format-standard","has-post-thumbnail","hentry","category-spor"],"_links":{"self":[{"href":"https:\/\/www.egemtv.com\/index.php?rest_route=\/wp\/v2\/posts\/19163","targetHints":{"allow":["GET"]}}],"collection":[{"href":"https:\/\/www.egemtv.com\/index.php?rest_route=\/wp\/v2\/posts"}],"about":[{"href":"https:\/\/www.egemtv.com\/index.php?rest_route=\/wp\/v2\/types\/post"}],"author":[{"embeddable":true,"href":"https:\/\/www.egemtv.com\/index.php?rest_route=\/wp\/v2\/users\/1"}],"replies":[{"embeddable":true,"href":"https:\/\/www.egemtv.com\/index.php?rest_route=%2Fwp%2Fv2%2Fcomments&post=19163"}],"version-history":[{"count":1,"href":"https:\/\/www.egemtv.com\/index.php?rest_route=\/wp\/v2\/posts\/19163\/revisions"}],"predecessor-version":[{"id":19165,"href":"https:\/\/www.egemtv.com\/index.php?rest_route=\/wp\/v2\/posts\/19163\/revisions\/19165"}],"wp:featuredmedia":[{"embeddable":true,"href":"https:\/\/www.egemtv.com\/index.php?rest_route=\/wp\/v2\/media\/19164"}],"wp:attachment":[{"href":"https:\/\/www.egemtv.com\/index.php?rest_route=%2Fwp%2Fv2%2Fmedia&parent=19163"}],"wp:term":[{"taxonomy":"category","embeddable":true,"href":"https:\/\/www.egemtv.com\/index.php?rest_route=%2Fwp%2Fv2%2Fcategories&post=19163"},{"taxonomy":"post_tag","embeddable":true,"href":"https:\/\/www.egemtv.com\/index.php?rest_route=%2Fwp%2Fv2%2Ftags&post=19163"}],"curies":[{"name":"wp","href":"https:\/\/api.w.org\/{rel}","templated":true}]}}