{"id":19160,"date":"2025-02-15T13:58:22","date_gmt":"2025-02-15T10:58:22","guid":{"rendered":"https:\/\/www.egemtv.com\/?p=19160"},"modified":"2025-02-15T13:58:27","modified_gmt":"2025-02-15T10:58:27","slug":"kaza-geciren-milletvekili-yurdunusevenin-tedavisi-devam-ediyor","status":"publish","type":"post","link":"https:\/\/www.egemtv.com\/?p=19160","title":{"rendered":"Kaza ge\u00e7iren Milletvekili Yurdunuseven\u2019in tedavisi devam ediyor"},"content":{"rendered":"<p>Afyonkarahisar\u2019\u0131n Sinanpa\u015fa il\u00e7esinde otomobil ile hafif ticari arac\u0131n \u00e7arp\u0131\u015ft\u0131\u011f\u0131 kazada, aralar\u0131nda AK Parti Afyonkarahisar Milletvekili \u0130brahim Yurdunuseven ile AK Parti \u0130l Ba\u015fkan\u0131 Turgay \u015eahin\u2019in de bulundu\u011fu 6 ki\u015fi yaralan\u0131rken, yaral\u0131lar\u0131n 5\u2019inin taburcu edildi\u011fi, tedavisi devam eden Yurdunuseven\u2019in ise hayati tehlikesinin bulunmad\u0131\u011f\u0131 bildirildi.<br \/>\n<br \/>Afyonkarahisar-Antalya kara yolu T\u0131naztepe beldesi yak\u0131nlar\u0131nda s\u00fcr\u00fcc\u00fcleri ve plakalar\u0131 hen\u00fcz belirlenemeyen bir otomobil ile hafif ticari ara\u00e7 \u00e7arp\u0131\u015ft\u0131. Kazada, ara\u00e7larda bulunan AK Parti Afyonkarahisar Milletvekili Yurdunuseven, \u0130l Ba\u015fkan\u0131 Turgay \u015eahin ile dan\u0131\u015fmanlar Hayati Kanat, Oktay Y\u00fcksel ve ismi tespit edilemeyen ara\u00e7 \u015fof\u00f6r\u00fc ile di\u011fer ara\u00e7 s\u00fcr\u00fcc\u00fcs\u00fc yaraland\u0131. Yaral\u0131lar kaza sonras\u0131 \u00e7evredekilerin haber vermesi ile b\u00f6lgeye gelen ambulanslarla hastanelere kald\u0131r\u0131ld\u0131. Yaral\u0131lardan Ba\u015fkan \u015eahin, Kanat, Y\u00fcksel ve bir ki\u015fi daha taburcu edildi. Yaralanan Milletvekili Yurdunuseven\u2019in omuzunda k\u0131r\u0131k oldu\u011fu \u00f6\u011frenilirken hastanedeki tedavisinin devam etti\u011fi bildirildi.<br \/>\n<br \/>Olay\u0131n ard\u0131ndan AK Parti Afyonkarahisar \u0130l Ba\u015fkanl\u0131\u011f\u0131ndan yap\u0131lan yaz\u0131l\u0131 a\u00e7\u0131klamada ise yaral\u0131lar\u0131n sa\u011fl\u0131k durumlar\u0131n\u0131n iyi oldu\u011fu ve Yurdunuseven\u2019in de hayati tehlikesinin bulunmad\u0131\u011f\u0131 belirtildi.<br \/><\/p>\n","protected":false},"excerpt":{"rendered":"<p>Afyonkarahisar\u2019\u0131n Sinanpa\u015fa il\u00e7esinde otomobil ile hafif ticari arac\u0131n \u00e7arp\u0131\u015ft\u0131\u011f\u0131 kazada, aralar\u0131nda AK Parti Afyonkarahisar Milletvekili \u0130brahim Yurdunuseven ile AK Parti \u0130l Ba\u015fkan\u0131 Turgay \u015eahin\u2019in de bulundu\u011fu 6 ki\u015fi yaralan\u0131rken, yaral\u0131lar\u0131n 5\u2019inin taburcu edildi\u011fi, tedavisi devam eden Yurdunuseven\u2019in ise hayati tehlikesinin bulunmad\u0131\u011f\u0131 bildirildi. Afyonkarahisar-Antalya kara yolu T\u0131naztepe beldesi yak\u0131nlar\u0131nda s\u00fcr\u00fcc\u00fcleri ve plakalar\u0131 hen\u00fcz belirlenemeyen bir otomobil&#8230;<\/p>\n","protected":false},"author":1,"featured_media":19161,"comment_status":"open","ping_status":"open","sticky":false,"template":"","format":"standard","meta":{"_crdt_document":"","footnotes":""},"categories":[5],"tags":[],"class_list":["post-19160","post","type-post","status-publish","format-standard","has-post-thumbnail","hentry","category-asayis"],"_links":{"self":[{"href":"https:\/\/www.egemtv.com\/index.php?rest_route=\/wp\/v2\/posts\/19160","targetHints":{"allow":["GET"]}}],"collection":[{"href":"https:\/\/www.egemtv.com\/index.php?rest_route=\/wp\/v2\/posts"}],"about":[{"href":"https:\/\/www.egemtv.com\/index.php?rest_route=\/wp\/v2\/types\/post"}],"author":[{"embeddable":true,"href":"https:\/\/www.egemtv.com\/index.php?rest_route=\/wp\/v2\/users\/1"}],"replies":[{"embeddable":true,"href":"https:\/\/www.egemtv.com\/index.php?rest_route=%2Fwp%2Fv2%2Fcomments&post=19160"}],"version-history":[{"count":1,"href":"https:\/\/www.egemtv.com\/index.php?rest_route=\/wp\/v2\/posts\/19160\/revisions"}],"predecessor-version":[{"id":19162,"href":"https:\/\/www.egemtv.com\/index.php?rest_route=\/wp\/v2\/posts\/19160\/revisions\/19162"}],"wp:featuredmedia":[{"embeddable":true,"href":"https:\/\/www.egemtv.com\/index.php?rest_route=\/wp\/v2\/media\/19161"}],"wp:attachment":[{"href":"https:\/\/www.egemtv.com\/index.php?rest_route=%2Fwp%2Fv2%2Fmedia&parent=19160"}],"wp:term":[{"taxonomy":"category","embeddable":true,"href":"https:\/\/www.egemtv.com\/index.php?rest_route=%2Fwp%2Fv2%2Fcategories&post=19160"},{"taxonomy":"post_tag","embeddable":true,"href":"https:\/\/www.egemtv.com\/index.php?rest_route=%2Fwp%2Fv2%2Ftags&post=19160"}],"curies":[{"name":"wp","href":"https:\/\/api.w.org\/{rel}","templated":true}]}}