{"id":19157,"date":"2025-02-15T13:54:35","date_gmt":"2025-02-15T10:54:35","guid":{"rendered":"https:\/\/www.egemtv.com\/?p=19157"},"modified":"2025-02-15T13:54:41","modified_gmt":"2025-02-15T10:54:41","slug":"egitim-bir-sen-33-yasinda","status":"publish","type":"post","link":"https:\/\/www.egemtv.com\/?p=19157","title":{"rendered":"E\u011fitim-Bir-Sen 33 ya\u015f\u0131nda"},"content":{"rendered":"<p>Memur-Sen Manisa \u0130l Temsilcisi ve E\u011fitim Bir Sen Manisa 1 Nolu \u015eube Ba\u015fkan\u0131 Ahmet Yasav, Mehmet Akif \u0130nan\u2019\u0131n ba\u015flatt\u0131\u011f\u0131, onun a\u00e7t\u0131\u011f\u0131 \u00e7\u0131\u011f\u0131rda cefayla yol alan kahramanlar\u0131n b\u00fcy\u00fctt\u00fc\u011f\u00fc hak ve \u00f6zg\u00fcrl\u00fck m\u00fccadelesinin 33. y\u0131l\u0131na girdiklerimi s\u00f6yledi.<br \/>\n<br \/>E\u011fitim-Bir-Sen\u2019in 33. y\u0131l\u0131 dolay\u0131s\u0131yla bir a\u00e7\u0131klama yapan Memur-Sen Manisa \u0130l Temsilcisi ve E\u011fitim Bir-Sen Manisa 1 Nolu \u015eube Ba\u015fkan\u0131 Ahmet Yasav, &#8220;14 \u015eubat 1992\u2019den bug\u00fcne say\u0131s\u0131z kazan\u0131ma imza atan E\u011fitim-Bir-Sen, bir\u00e7ok sorunun \u00e7\u00f6z\u00fcme kavu\u015fmas\u0131n\u0131 sa\u011flam\u0131\u015f; emek m\u00fccadelesini yerelden evrensele ta\u015f\u0131m\u0131\u015ft\u0131r. E\u011fitim \u00e7al\u0131\u015fanlar\u0131n\u0131n mesleki dayan\u0131\u015fmas\u0131n\u0131 g\u00fc\u00e7lendirmek, \u00f6zl\u00fck, mali ve sosyal haklar\u0131n\u0131 korumak ve geli\u015ftirmek, sorunlar\u0131na \u00e7\u00f6z\u00fcm bulmak, e\u011fitimin daha nitelikli h\u00e2le gelmesi i\u00e7in emek harcamak, e\u011fitim \u00e7al\u0131\u015fanlar\u0131na daha huzurlu, daha verimli \u00e7al\u0131\u015fma ortam\u0131 olu\u015fturmak, \u00fclkenin vesayetin izlerinden tamamen ar\u0131nmas\u0131n\u0131 sa\u011flamak, demokrasi, hak ve \u00f6zg\u00fcrl\u00fck alan\u0131n\u0131 geni\u015fletmek, kimden gelirse gelsin zalime kar\u015f\u0131, kim olursa olsun mazlumdan yana olmak temel varolu\u015f ama\u00e7lar\u0131m\u0131zd\u0131r. \u0130nsan\u0131m\u0131z\u0131n akl\u0131na, inanc\u0131na, iradesine dayan\u0131p b\u00fct\u00fcn engelleri ve engellemeleri a\u015ft\u0131k; m\u00fccadelemizi haks\u0131zl\u0131\u011fa kar\u015f\u0131 hakk\u0131n, bask\u0131 ve zul\u00fcmlere kar\u015f\u0131 \u00f6zg\u00fcrl\u00fck ve adaletin yan\u0131nda s\u00fcrd\u00fcrd\u00fck. E\u011fitim meselelerine \u00e7\u00f6z\u00fcm \u00f6nerileri sunduk; fedak\u00e2r \u00f6nc\u00fclerimiz ve vefak\u00e2r \u00fcyelerimizle hak ve \u00f6zg\u00fcrl\u00fck m\u00fccadelesini her zaman daha ileri a\u015famalara ta\u015f\u0131d\u0131k, tarih\u00ee kazan\u0131mlarla ta\u00e7land\u0131rd\u0131k. Yerli de\u011ferleri ve mill\u00ee iradeyi yok etmeyi ama\u00e7layan 28 \u015eubat s\u00fcreciyle kar\u015f\u0131 kar\u015f\u0131ya kald\u0131\u011f\u0131m\u0131zda, verdi\u011fimiz \u00f6zg\u00fcrl\u00fck ve demokrasi m\u00fccadelesi, hem sahip oldu\u011fumuz inan\u00e7 ve felsefenin direni\u015f g\u00fcc\u00fc ve yetene\u011fi kazanmas\u0131na hem de insan\u0131m\u0131zla daha yak\u0131n, daha \u00e7abuk bulu\u015fup b\u00fct\u00fcnle\u015fmemize yol a\u00e7m\u0131\u015ft\u0131r. Bu zor zamanlarda milletimizle birlikte s\u0131k\u0131 ve samimi duru\u015fumuz, temellerimizi tahkim etmi\u015ftir. De\u011fer ve \u00f6zg\u00fcrl\u00fcklere d\u00fc\u015fman hezeyanlar\u0131yla e\u011fitim alan\u0131nda korkun\u00e7 tahribat yapan 28 \u015eubat darbecilerinin yasak ve y\u0131ld\u0131rmalar\u0131, E\u011fitim-Bir-Sen\u2019in inan\u00e7 ve \u00f6zg\u00fcrl\u00fck m\u00fccadelesini zorlam\u0131\u015f fakat kazan\u0131mlar\u0131n\u0131 hayati \u00f6l\u00e7\u00fcde anlaml\u0131 k\u0131lm\u0131\u015ft\u0131r. \u00d6n\u00fcm\u00fcze konulan engelleri hep birlikte g\u00f6n\u00fcl, iman, ideal ve eylem birli\u011fi i\u00e7inde \u00f6rg\u00fctlenerek a\u015ft\u0131k. \u0130nanarak \u00f6rg\u00fctlendik, \u00f6rg\u00fctlenerek g\u00fc\u00e7lendik. Ba\u015f\u00f6rt\u00fcs\u00fc yasa\u011f\u0131ndan katsay\u0131 engeline, sekiz y\u0131ll\u0131k kesintisiz e\u011fitim dayatmas\u0131na kadar, E\u011fitim-Bir-Sen\u2019in varl\u0131\u011f\u0131yla ili\u015fkili b\u00fct\u00fcn alanlar, b\u00fct\u00fcn cephelerden sald\u0131r\u0131 ve y\u0131k\u0131ma maruz kalm\u0131\u015ft\u0131r. Bu s\u00fcre\u00e7te hak ihlallerinden hak gasplar\u0131na, fi\u015flenmelere, taciz edilmelere, i\u015ften atmalara, tutuklamalara kadar inanm\u0131\u015f insan\u0131m\u0131za yap\u0131lan sald\u0131r\u0131, bask\u0131 ve zul\u00fcmlere kar\u015f\u0131 kesin bir tav\u0131r ve y\u00fcksek sesle kar\u015f\u0131 koyarak direndik. 28 \u015eubat zulm\u00fcn\u00fcn karanl\u0131\u011f\u0131, kararl\u0131 duru\u015fumuzla blok blok \u00e7\u00f6z\u00fcld\u00fc, y\u0131k\u0131ld\u0131.&#8221; dedi.<br \/>\n<br \/>&#8220;Bug\u00fcn k\u0131l\u0131k ve k\u0131yafet ba\u015fta olmak \u00fczere inan\u00e7 ve hayat tarzlar\u0131n\u0131n \u00f6n\u00fcnde engellerin kalkm\u0131\u015f olmas\u0131nda, katsay\u0131 ve 8 y\u0131ll\u0131k zorunlu e\u011fitim d\u00f6neminden 4+4+4 e\u011fitim modeline ge\u00e7mede, \u2018Kur\u2019an\u2019 ve \u2018Siyer\u2019 derslerinin m\u00fcfredata konulmas\u0131nda, m\u00fcfredat\u0131n militarist, vesayet\u00e7i, materyalist i\u00e7eri\u011finden ay\u0131klanmas\u0131nda, \u00f6\u011fretmenlerin \u2018meslek kanununa sahip olmas\u0131nda, n\u00f6bet ve ek ders \u00fccretlerinin art\u0131r\u0131lmas\u0131 gibi say\u0131s\u0131z kazan\u0131mda hep E\u011fitim-Bir-Sen\u2019in kararl\u0131, inan\u00e7l\u0131 m\u00fccadelesi vard\u0131r.&#8221; diyen Yasav, &#8220;Devlete paralel hat \u00e7ekerek millet iradesine kanl\u0131, ate\u015fli pusu atanlara kar\u015f\u0131 15 Temmuz\u2019da vatan ve istiklal i\u00e7in hi\u00e7 teredd\u00fct etmeden alanlara \u00e7\u0131k\u0131p tanklar\u0131n, silahlar\u0131n kar\u015f\u0131s\u0131na dikilip ihanete ge\u00e7it ve f\u0131rsat vermezken de ayn\u0131 inan\u00e7 ve ruhla hareket ettik. Vatan\u0131n ve istikbalin s\u00f6z konusu oldu\u011fu her durumda, hi\u00e7bir d\u00fcnyal\u0131k hesap yapmamak, de\u011ferlerimize g\u00f6re belirledi\u011fimiz duru\u015fumuzun di\u011ferlerine g\u00f6re fark\u0131d\u0131r. Bu sebeple, E\u011fitim-Bir-Sen\u2019in tarihi T\u00fcrkiye\u2019nin karanl\u0131klardan ayd\u0131nl\u0131\u011fa, darbe d\u00f6nemlerinden demokrasiye ge\u00e7mek i\u00e7in tutarl\u0131, ilkeli, cesur m\u00fccadelesinin destans\u0131 tarihidir. Bu sebeple, E\u011fitim-Bir-Sen vesayetten kurtulman\u0131n g\u00fcvencesi, hak araman\u0131n merkezi, demokrasi m\u00fccadelesinin adresidir. Bu zorlu s\u00fcre\u00e7te millete kar\u015f\u0131 vesayet\u00e7i yap\u0131larla birlikte hareket edenler eridik\u00e7e erimi\u015f, milletle b\u00fct\u00fcnle\u015fen E\u011fitim-Bir-Sen b\u00fcy\u00fcd\u00fck\u00e7e b\u00fcy\u00fcm\u00fc\u015ft\u00fcr. S\u00f6ylem ve eylemlerini duygu d\u00fcnyas\u0131na, iradesine, \u00f6zlem ve umuduna terc\u00fcman g\u00f6ren e\u011fitim \u00e7al\u0131\u015fanlar\u0131n\u0131n dalga dalga kat\u0131l\u0131m\u0131yla s\u00fcrekli b\u00fcy\u00fcyen E\u011fitim-Bir-Sen, 2011 y\u0131l\u0131nda genel yetkili sendika, bug\u00fcn itibar\u0131yla 450 bine yakla\u015fan \u00fcye say\u0131s\u0131yla T\u00fcrkiye\u2019nin en b\u00fcy\u00fck sendikas\u0131 ve sivil toplum \u00f6rg\u00fct\u00fc olmu\u015ftur. Sendikal zemini g\u00fc\u00e7lendirme m\u00fccadelesinin \u00f6nc\u00fcs\u00fc E\u011fitim-Bir-Sen, eme\u011fimize, ekme\u011fimize, haklar\u0131m\u0131za, \u00f6zg\u00fcrl\u00fcklerimize, onurumuza, medeniyet davam\u0131za sahip \u00e7\u0131karken, \u2018birlikte \u00fcretelim, hak\u00e7a b\u00f6l\u00fc\u015felim\u2019 anlay\u0131\u015f\u0131yla bilin\u00e7li, erdemli, adil sendikal duru\u015fun merkezi, e\u011fitim \u00e7al\u0131\u015fanlar\u0131n\u0131n sesi olmu\u015ftur. Sorunlar\u0131 te\u015fhis, \u00e7\u00f6z\u00fcmleri tespit odakl\u0131 \u00e7al\u0131\u015fmalarla sendikal kulvarda fark\u0131m\u0131z\u0131 ortaya koyduk. Sorunlardan beslenme yolunu de\u011fil, \u00e7\u00f6z\u00fcmlerle g\u00fc\u00e7lenme yolunu se\u00e7tik. Hak aray\u0131\u015f\u0131n\u0131 m\u00fczakere ve m\u00fccadele dengesi ile s\u00fcrd\u00fcr\u00fcp sonuca gittik. Gerekti\u011finde emek dayan\u0131\u015fmas\u0131ndan gelen g\u00fcc\u00fcm\u00fczle ama hakl\u0131l\u0131\u011f\u0131n verdi\u011fi vakur \u00f6fkeyle alanlara indik. Konu\u015fmay\u0131, uzla\u015fmay\u0131 \u00f6ne \u00e7\u0131karan anlay\u0131\u015fla kay\u0131plara son verilmesini, kazan\u0131mlara yenilerinin eklenmesini sa\u011flad\u0131k. Yak\u0131p y\u0131kan de\u011fil \u00fcreten, k\u0131r\u0131p d\u00f6ken de\u011fil d\u00fczelten, cam \u00e7er\u00e7eve indiren de\u011fil fikir bildiren, barikat kuran de\u011fil engel kald\u0131ran tavr\u0131m\u0131zla yasaklara kar\u015f\u0131 \u00e7\u0131kt\u0131k, \u00f6zl\u00fck ve \u00f6zg\u00fcrl\u00fck m\u00fccadelesini verdik.&#8221; \u015feklinde konu\u015ftu.<br \/>\n<br \/>Yasav a\u00e7\u0131klamas\u0131n\u0131 \u015f\u00f6yle tamamlad\u0131: &#8220;E\u011fitim, bilgi, hak ve \u00f6zg\u00fcrl\u00fckler yolunda m\u00fccadelelerle ge\u00e7en 33 iftihar y\u0131l\u0131n\u0131 geride b\u0131rakt\u0131\u011f\u0131m\u0131z g\u00fcn\u00fcm\u00fczde, Kurucu Genel Ba\u015fkan\u0131m\u0131z Mehmet Akif \u0130nan, yol arkada\u015f\u0131 \u015e\u00fckr\u00fc G\u00f6kdemir, \u2018Bir Duru\u015f Adam\u0131\u2019 Erol Battal ve te\u015fkilat\u0131m\u0131z\u0131n a\u011fabeyi Mithat Sevin ba\u015fta olmak \u00fczere, ahirete irtihal eden b\u00fct\u00fcn y\u00f6neticilerimize ve \u00fcyelerimize Allah\u2019tan rahmet diliyorum. Bu inan\u00e7l\u0131, cesur \u00f6nc\u00fclerimizden bayra\u011f\u0131 devralarak bug\u00fcnlere ula\u015ft\u0131ran genel ba\u015fkanlar\u0131m\u0131z Niyazi Yavuz ve Ahmet G\u00fcndo\u011fdu\u2019ya, Genel Y\u00f6netim Kurulu \u00fcyelerimize, sendikam\u0131z\u0131n her kademesinde g\u00f6rev yapm\u0131\u015f ba\u015fkanlar\u0131m\u0131za, ba\u015fkan yard\u0131mc\u0131lar\u0131m\u0131za, temsilcilerimize; bu soylu yolculu\u011fa ruh katan, emek veren, vakarla \u00e7al\u0131\u015fan fedak\u00e2r ve vefak\u00e2r t\u00fcm dava arkada\u015flar\u0131m\u0131za \u015f\u00fckranlar\u0131m\u0131z\u0131 sunuyorum.&#8221;<br \/><\/p>\n","protected":false},"excerpt":{"rendered":"<p>Memur-Sen Manisa \u0130l Temsilcisi ve E\u011fitim Bir Sen Manisa 1 Nolu \u015eube Ba\u015fkan\u0131 Ahmet Yasav, Mehmet Akif \u0130nan\u2019\u0131n ba\u015flatt\u0131\u011f\u0131, onun a\u00e7t\u0131\u011f\u0131 \u00e7\u0131\u011f\u0131rda cefayla yol alan kahramanlar\u0131n b\u00fcy\u00fctt\u00fc\u011f\u00fc hak ve \u00f6zg\u00fcrl\u00fck m\u00fccadelesinin 33. y\u0131l\u0131na girdiklerimi s\u00f6yledi. E\u011fitim-Bir-Sen\u2019in 33. y\u0131l\u0131 dolay\u0131s\u0131yla bir a\u00e7\u0131klama yapan Memur-Sen Manisa \u0130l Temsilcisi ve E\u011fitim Bir-Sen Manisa 1 Nolu \u015eube Ba\u015fkan\u0131 Ahmet&#8230;<\/p>\n","protected":false},"author":1,"featured_media":19158,"comment_status":"open","ping_status":"open","sticky":false,"template":"","format":"standard","meta":{"_crdt_document":"","footnotes":""},"categories":[1],"tags":[],"class_list":["post-19157","post","type-post","status-publish","format-standard","has-post-thumbnail","hentry","category-guncel"],"_links":{"self":[{"href":"https:\/\/www.egemtv.com\/index.php?rest_route=\/wp\/v2\/posts\/19157","targetHints":{"allow":["GET"]}}],"collection":[{"href":"https:\/\/www.egemtv.com\/index.php?rest_route=\/wp\/v2\/posts"}],"about":[{"href":"https:\/\/www.egemtv.com\/index.php?rest_route=\/wp\/v2\/types\/post"}],"author":[{"embeddable":true,"href":"https:\/\/www.egemtv.com\/index.php?rest_route=\/wp\/v2\/users\/1"}],"replies":[{"embeddable":true,"href":"https:\/\/www.egemtv.com\/index.php?rest_route=%2Fwp%2Fv2%2Fcomments&post=19157"}],"version-history":[{"count":1,"href":"https:\/\/www.egemtv.com\/index.php?rest_route=\/wp\/v2\/posts\/19157\/revisions"}],"predecessor-version":[{"id":19159,"href":"https:\/\/www.egemtv.com\/index.php?rest_route=\/wp\/v2\/posts\/19157\/revisions\/19159"}],"wp:featuredmedia":[{"embeddable":true,"href":"https:\/\/www.egemtv.com\/index.php?rest_route=\/wp\/v2\/media\/19158"}],"wp:attachment":[{"href":"https:\/\/www.egemtv.com\/index.php?rest_route=%2Fwp%2Fv2%2Fmedia&parent=19157"}],"wp:term":[{"taxonomy":"category","embeddable":true,"href":"https:\/\/www.egemtv.com\/index.php?rest_route=%2Fwp%2Fv2%2Fcategories&post=19157"},{"taxonomy":"post_tag","embeddable":true,"href":"https:\/\/www.egemtv.com\/index.php?rest_route=%2Fwp%2Fv2%2Ftags&post=19157"}],"curies":[{"name":"wp","href":"https:\/\/api.w.org\/{rel}","templated":true}]}}