{"id":19148,"date":"2025-02-15T13:36:44","date_gmt":"2025-02-15T10:36:44","guid":{"rendered":"https:\/\/www.egemtv.com\/?p=19148"},"modified":"2025-02-15T13:36:48","modified_gmt":"2025-02-15T10:36:48","slug":"izmirli-hayirseverden-nazillideki-okula-bilgisayar-destegi","status":"publish","type":"post","link":"https:\/\/www.egemtv.com\/?p=19148","title":{"rendered":"\u0130zmirli hay\u0131rseverden Nazilli\u2019deki okula bilgisayar deste\u011fi"},"content":{"rendered":"<p>Ayd\u0131n\u2019\u0131n Nazilli il\u00e7esine ba\u011fl\u0131 k\u0131rsal Yaylap\u0131nar Mahallesi\u2019nde bulunan Yaylap\u0131nar \u0130hsan \u0130zgi \u0130lk ve Ortaokulu\u2019nun ihtiyac\u0131 olan bilgisayarlar \u0130zmirli hay\u0131rseverden geldi.<\/p>\n<p>Yaylap\u0131nar \u0130hsan \u0130zgi \u0130lk ve Ortaokulu M\u00fcd\u00fcr\u00fc Murat Turan, di\u011fer idareci ve \u00f6\u011fretmenlerinin giri\u015fimleri sonucunda \u0130zmirli i\u015f insan\u0131 Kemal Yan\u0131k, okula hem ihtiyac\u0131 olan 5 bilgisayar hediye etti hem de okul tak\u0131m\u0131na forma sponsoru oldu. Okulu ziyaret eden Yan\u0131k, beraberinde getirdi\u011fi bilgisayarlar\u0131 okul y\u00f6netimine teslim ederek \u00f6\u011frencilerle de bulu\u015ftu.<\/p>\n<p>\u00d6\u011frencilerin mutlulu\u011funa ortak olan i\u015f insan\u0131 Kemal Yan\u0131k, &#8220;Taraf\u0131ma gelen talepler do\u011frultusunda okulumuzun ihtiyac\u0131 olan bilgisayarlar\u0131 getirdim. Gelece\u011fimiz olan \u00e7ocuklar\u0131m\u0131z\u0131n teknolojiye ayak uydurmalar\u0131, bilgi ve bili\u015fim d\u00fcnyas\u0131ndan uzak kalmamalar\u0131 i\u00e7in biz de elimizi ta\u015f\u0131n alt\u0131na koyduk. Devletimiz \u00e7ok b\u00fcy\u00fck imkanlara sahip ama her \u015feyi de devletten beklememek laz\u0131m. G\u00fcc\u00fcm\u00fcz yetti\u011fince \u00e7ocuklar\u0131m\u0131za destek olmal\u0131y\u0131z. Bu bilgisayarlarda \u00e7ok de\u011ferli \u00f6\u011fretmenlerimizin emekleri ile kendilerini yeti\u015ftirecek olan \u00e7ocuklar\u0131m\u0131z yar\u0131n vatan\u0131m\u0131za hizmet edecek. Ayr\u0131ca \u2019sa\u011fl\u0131kl\u0131 ya\u015fam sa\u011fl\u0131kl\u0131 v\u00fccutta bulunur\u2019 s\u00f6z\u00fcne istinaden spor alan\u0131nda da \u00e7ocuklar\u0131m\u0131za destek olabilmek ad\u0131na forma sponsorlu\u011funu da kabul ettim. Her \u015fey \u00e7ocuklar\u0131m\u0131z i\u00e7in&#8221; dedi.<\/p>\n<p>Yan\u0131k\u2019a desteklerinden dolay\u0131 te\u015fekk\u00fcr eden Yaylap\u0131nar \u0130hsan \u0130zgi \u0130lk ve Ortaokulu M\u00fcd\u00fcr\u00fc Murat Turan, \u00f6\u011fretmenler ve \u00f6\u011frenciler, Yaylap\u0131nar hat\u0131ras\u0131 olarak kendilerine Y\u00f6r\u00fck K\u00fclt\u00fcr\u00fc\u2019n\u00fc simgeleyen y\u00f6r\u00fck po\u015fisi hediye ettiler.<br \/><\/p>\n","protected":false},"excerpt":{"rendered":"<p>Ayd\u0131n\u2019\u0131n Nazilli il\u00e7esine ba\u011fl\u0131 k\u0131rsal Yaylap\u0131nar Mahallesi\u2019nde bulunan Yaylap\u0131nar \u0130hsan \u0130zgi \u0130lk ve Ortaokulu\u2019nun ihtiyac\u0131 olan bilgisayarlar \u0130zmirli hay\u0131rseverden geldi. Yaylap\u0131nar \u0130hsan \u0130zgi \u0130lk ve Ortaokulu M\u00fcd\u00fcr\u00fc Murat Turan, di\u011fer idareci ve \u00f6\u011fretmenlerinin giri\u015fimleri sonucunda \u0130zmirli i\u015f insan\u0131 Kemal Yan\u0131k, okula hem ihtiyac\u0131 olan 5 bilgisayar hediye etti hem de okul tak\u0131m\u0131na forma sponsoru oldu&#8230;.<\/p>\n","protected":false},"author":1,"featured_media":19149,"comment_status":"open","ping_status":"open","sticky":false,"template":"","format":"standard","meta":{"_crdt_document":"","footnotes":""},"categories":[1],"tags":[],"class_list":["post-19148","post","type-post","status-publish","format-standard","has-post-thumbnail","hentry","category-guncel"],"_links":{"self":[{"href":"https:\/\/www.egemtv.com\/index.php?rest_route=\/wp\/v2\/posts\/19148","targetHints":{"allow":["GET"]}}],"collection":[{"href":"https:\/\/www.egemtv.com\/index.php?rest_route=\/wp\/v2\/posts"}],"about":[{"href":"https:\/\/www.egemtv.com\/index.php?rest_route=\/wp\/v2\/types\/post"}],"author":[{"embeddable":true,"href":"https:\/\/www.egemtv.com\/index.php?rest_route=\/wp\/v2\/users\/1"}],"replies":[{"embeddable":true,"href":"https:\/\/www.egemtv.com\/index.php?rest_route=%2Fwp%2Fv2%2Fcomments&post=19148"}],"version-history":[{"count":1,"href":"https:\/\/www.egemtv.com\/index.php?rest_route=\/wp\/v2\/posts\/19148\/revisions"}],"predecessor-version":[{"id":19150,"href":"https:\/\/www.egemtv.com\/index.php?rest_route=\/wp\/v2\/posts\/19148\/revisions\/19150"}],"wp:featuredmedia":[{"embeddable":true,"href":"https:\/\/www.egemtv.com\/index.php?rest_route=\/wp\/v2\/media\/19149"}],"wp:attachment":[{"href":"https:\/\/www.egemtv.com\/index.php?rest_route=%2Fwp%2Fv2%2Fmedia&parent=19148"}],"wp:term":[{"taxonomy":"category","embeddable":true,"href":"https:\/\/www.egemtv.com\/index.php?rest_route=%2Fwp%2Fv2%2Fcategories&post=19148"},{"taxonomy":"post_tag","embeddable":true,"href":"https:\/\/www.egemtv.com\/index.php?rest_route=%2Fwp%2Fv2%2Ftags&post=19148"}],"curies":[{"name":"wp","href":"https:\/\/api.w.org\/{rel}","templated":true}]}}