{"id":19145,"date":"2025-02-15T13:36:38","date_gmt":"2025-02-15T10:36:38","guid":{"rendered":"https:\/\/www.egemtv.com\/?p=19145"},"modified":"2025-02-15T13:36:44","modified_gmt":"2025-02-15T10:36:44","slug":"kutahya-il-tarim-mudurlugu-kooperatiflerin-mali-musavirligini-yapan-firmalari-bilgilendirdi","status":"publish","type":"post","link":"https:\/\/www.egemtv.com\/?p=19145","title":{"rendered":"K\u00fctahya \u0130l Tar\u0131m M\u00fcd\u00fcrl\u00fc\u011f\u00fc kooperatiflerin mali m\u00fc\u015favirli\u011fini yapan firmalar\u0131 bilgilendirdi"},"content":{"rendered":"<p>K\u00fctahya \u0130l Tar\u0131m ve Orman M\u00fcd\u00fcrl\u00fc\u011f\u00fc kooperatiflerin mali m\u00fc\u015favirli\u011fini yapan firmalar\u0131 bilgilendirme toplant\u0131s\u0131 d\u00fczenledi.<br \/>\n<br \/>\u0130l Tar\u0131m ve Orman M\u00fcd\u00fcrl\u00fc\u011f\u00fcm teknik personeli taraf\u0131ndan il genelindeki tar\u0131msal ama\u00e7l\u0131 kooperatiflerin mali m\u00fc\u015favirli\u011fini yapan firmalara y\u00f6nelik, ana s\u00f6zle\u015fme, kooperatif bilgi sistemi ve genel kurul i\u015flemleri ile ilgili bilgilendirme toplant\u0131s\u0131 d\u00fczenlendi.<br \/><\/p>\n","protected":false},"excerpt":{"rendered":"<p>K\u00fctahya \u0130l Tar\u0131m ve Orman M\u00fcd\u00fcrl\u00fc\u011f\u00fc kooperatiflerin mali m\u00fc\u015favirli\u011fini yapan firmalar\u0131 bilgilendirme toplant\u0131s\u0131 d\u00fczenledi. \u0130l Tar\u0131m ve Orman M\u00fcd\u00fcrl\u00fc\u011f\u00fcm teknik personeli taraf\u0131ndan il genelindeki tar\u0131msal ama\u00e7l\u0131 kooperatiflerin mali m\u00fc\u015favirli\u011fini yapan firmalara y\u00f6nelik, ana s\u00f6zle\u015fme, kooperatif bilgi sistemi ve genel kurul i\u015flemleri ile ilgili bilgilendirme toplant\u0131s\u0131 d\u00fczenlendi.<\/p>\n","protected":false},"author":1,"featured_media":19146,"comment_status":"open","ping_status":"open","sticky":false,"template":"","format":"standard","meta":{"_crdt_document":"","footnotes":""},"categories":[1],"tags":[],"class_list":["post-19145","post","type-post","status-publish","format-standard","has-post-thumbnail","hentry","category-guncel"],"_links":{"self":[{"href":"https:\/\/www.egemtv.com\/index.php?rest_route=\/wp\/v2\/posts\/19145","targetHints":{"allow":["GET"]}}],"collection":[{"href":"https:\/\/www.egemtv.com\/index.php?rest_route=\/wp\/v2\/posts"}],"about":[{"href":"https:\/\/www.egemtv.com\/index.php?rest_route=\/wp\/v2\/types\/post"}],"author":[{"embeddable":true,"href":"https:\/\/www.egemtv.com\/index.php?rest_route=\/wp\/v2\/users\/1"}],"replies":[{"embeddable":true,"href":"https:\/\/www.egemtv.com\/index.php?rest_route=%2Fwp%2Fv2%2Fcomments&post=19145"}],"version-history":[{"count":1,"href":"https:\/\/www.egemtv.com\/index.php?rest_route=\/wp\/v2\/posts\/19145\/revisions"}],"predecessor-version":[{"id":19147,"href":"https:\/\/www.egemtv.com\/index.php?rest_route=\/wp\/v2\/posts\/19145\/revisions\/19147"}],"wp:featuredmedia":[{"embeddable":true,"href":"https:\/\/www.egemtv.com\/index.php?rest_route=\/wp\/v2\/media\/19146"}],"wp:attachment":[{"href":"https:\/\/www.egemtv.com\/index.php?rest_route=%2Fwp%2Fv2%2Fmedia&parent=19145"}],"wp:term":[{"taxonomy":"category","embeddable":true,"href":"https:\/\/www.egemtv.com\/index.php?rest_route=%2Fwp%2Fv2%2Fcategories&post=19145"},{"taxonomy":"post_tag","embeddable":true,"href":"https:\/\/www.egemtv.com\/index.php?rest_route=%2Fwp%2Fv2%2Ftags&post=19145"}],"curies":[{"name":"wp","href":"https:\/\/api.w.org\/{rel}","templated":true}]}}