{"id":19142,"date":"2025-02-15T13:28:49","date_gmt":"2025-02-15T10:28:49","guid":{"rendered":"https:\/\/www.egemtv.com\/?p=19142"},"modified":"2025-02-15T13:28:54","modified_gmt":"2025-02-15T10:28:54","slug":"sevgi-yolu-iki-mahalleyi-birlestirdi","status":"publish","type":"post","link":"https:\/\/www.egemtv.com\/?p=19142","title":{"rendered":"\u2018Sevgi Yolu\u2019 iki mahalleyi birle\u015ftirdi"},"content":{"rendered":"<p>G\u00fczelbah\u00e7e Belediyesi, Siteler ve Yal\u0131 mahallelerini birbirine ba\u011flayan sevgi yolunu 2 aydan k\u0131sa bir s\u00fcrede tamamlad\u0131 ve 14 \u015eubat Sevgililer G\u00fcn\u00fc\u2019nde hizmete a\u00e7t\u0131.<br \/>\n<br \/>G\u00fczelbah\u00e7e Belediyesi, Seferihisar kav\u015fa\u011f\u0131 olarak bilinen Adnan Kahveci Meydan\u0131 Mithatpa\u015fa Caddesi yolu \u00fczerinde Siteler ve Yal\u0131 mahallelerini birbirine ba\u011flayan yaya yolunun a\u00e7\u0131l\u0131\u015f\u0131n\u0131 ger\u00e7ekle\u015ftirdi. Yakla\u015f\u0131k 1 kilometrelik yol, 2 aydan k\u0131sa bir s\u00fcrede tamamland\u0131.<br \/>\n<br \/>B\u00fcy\u00fck bir soruna ne\u015fter vurduklar\u0131n\u0131 s\u00f6yleyen G\u00fczelbah\u00e7e Belediye Ba\u015fkan\u0131 Mustafa G\u00fcnay, &#8220;Uzun s\u00fcreden beri \u00f6zellikle Siteler Mahallesi sakinlerimiz ma\u011fdurdu. \u0130nsanlar ya deniz dalgas\u0131ndan ve kald\u0131r\u0131m olmamas\u0131ndan dolay\u0131 ya ara\u00e7 yolunda ya da istinat duvar\u0131 \u00fczerinden y\u00fcr\u00fcyorlard\u0131. Vatanda\u015f\u0131m\u0131z\u0131n bu \u00f6nemli problemini \u00e7\u00f6zmek i\u00e7in 16 Aral\u0131kta kep\u00e7eyi vurduk. 2 ay dolmadan y\u00fcr\u00fcy\u00fc\u015f yolunun yap\u0131m\u0131n\u0131 tamamlad\u0131k. Bizim i\u00e7in \u00f6nemli olan kald\u0131r\u0131m olmayan 300 metrelik yol ile Yal\u0131 Mahallesi ve Bal\u0131k\u00e7\u0131 Bar\u0131na\u011f\u0131 Siteler Mahallesi aras\u0131 1 kilometrelik yol tamamlanm\u0131\u015f oldu. Bu \u00e7al\u0131\u015fma se\u00e7im vaatleri proje kitap\u00e7\u0131\u011f\u0131m\u0131zda yoktu. Vaat etmedi\u011fimiz bir \u00e7ok \u00e7al\u0131\u015fmay\u0131 da hayata ge\u00e7irdik. Art\u0131k vatanda\u015flar\u0131m\u0131z rahat ve en \u00f6nemlisi g\u00fcvenli bir \u015fekilde y\u00fcr\u00fcyebilecek. Burada yap\u0131lan t\u00fcm \u00e7al\u0131\u015fmalar kendi ekiplerimizin eme\u011fiyle ortaya \u00e7\u0131kt\u0131. K\u00fc\u00e7\u00fck bir belediyeyiz ama ailemiz b\u00fcy\u00fck \u00e7\u00fcnk\u00fc ekiplerimiz canla ba\u015fla \u00e7al\u0131yor ve b\u00fcy\u00fck emek veriyor. Bu yol bizim sorumlulu\u011fumuzda de\u011fil fakat burada ma\u011fdur olan G\u00fczelbah\u00e7eli vatanda\u015flar\u0131m\u0131z. O y\u00fczden yolun kimin sorumlulu\u011fundan \u00e7ok kime hizmet etti\u011fi \u00f6nemlidir. Vatanda\u015f ma\u011fdursa biz bu ma\u011fduriyeti \u00e7\u00f6zd\u00fck. Bug\u00fcn sevgililer g\u00fcn\u00fc. Bu g\u00fczel g\u00fczel g\u00fcnde Siteler ve Yal\u0131 mahallelerimizi birle\u015ftirdik. Halk\u0131m\u0131z g\u00fcvenle, g\u00f6n\u00fcl rahatl\u0131\u011f\u0131yla art\u0131k y\u00fcr\u00fcy\u00fc\u015flerini yapabilecekler. Halk\u0131m\u0131za hay\u0131rl\u0131 olsun&#8221; diye konu\u015ftu.<br \/>\n<br \/>Konu\u015fmalar\u0131n ard\u0131ndan a\u00e7\u0131l\u0131\u015f\u0131 yap\u0131lan Ba\u015fkan Mustafa G\u00fcnay, e\u015fi Nermin G\u00fcnay\u2019la birlikte sevgi yolunda el ele y\u00fcr\u00fcy\u00fc\u015f yapt\u0131.<br \/><\/p>\n","protected":false},"excerpt":{"rendered":"<p>G\u00fczelbah\u00e7e Belediyesi, Siteler ve Yal\u0131 mahallelerini birbirine ba\u011flayan sevgi yolunu 2 aydan k\u0131sa bir s\u00fcrede tamamlad\u0131 ve 14 \u015eubat Sevgililer G\u00fcn\u00fc\u2019nde hizmete a\u00e7t\u0131. G\u00fczelbah\u00e7e Belediyesi, Seferihisar kav\u015fa\u011f\u0131 olarak bilinen Adnan Kahveci Meydan\u0131 Mithatpa\u015fa Caddesi yolu \u00fczerinde Siteler ve Yal\u0131 mahallelerini birbirine ba\u011flayan yaya yolunun a\u00e7\u0131l\u0131\u015f\u0131n\u0131 ger\u00e7ekle\u015ftirdi. Yakla\u015f\u0131k 1 kilometrelik yol, 2 aydan k\u0131sa bir s\u00fcrede&#8230;<\/p>\n","protected":false},"author":1,"featured_media":19143,"comment_status":"open","ping_status":"open","sticky":false,"template":"","format":"standard","meta":{"_crdt_document":"","footnotes":""},"categories":[1],"tags":[],"class_list":["post-19142","post","type-post","status-publish","format-standard","has-post-thumbnail","hentry","category-guncel"],"_links":{"self":[{"href":"https:\/\/www.egemtv.com\/index.php?rest_route=\/wp\/v2\/posts\/19142","targetHints":{"allow":["GET"]}}],"collection":[{"href":"https:\/\/www.egemtv.com\/index.php?rest_route=\/wp\/v2\/posts"}],"about":[{"href":"https:\/\/www.egemtv.com\/index.php?rest_route=\/wp\/v2\/types\/post"}],"author":[{"embeddable":true,"href":"https:\/\/www.egemtv.com\/index.php?rest_route=\/wp\/v2\/users\/1"}],"replies":[{"embeddable":true,"href":"https:\/\/www.egemtv.com\/index.php?rest_route=%2Fwp%2Fv2%2Fcomments&post=19142"}],"version-history":[{"count":1,"href":"https:\/\/www.egemtv.com\/index.php?rest_route=\/wp\/v2\/posts\/19142\/revisions"}],"predecessor-version":[{"id":19144,"href":"https:\/\/www.egemtv.com\/index.php?rest_route=\/wp\/v2\/posts\/19142\/revisions\/19144"}],"wp:featuredmedia":[{"embeddable":true,"href":"https:\/\/www.egemtv.com\/index.php?rest_route=\/wp\/v2\/media\/19143"}],"wp:attachment":[{"href":"https:\/\/www.egemtv.com\/index.php?rest_route=%2Fwp%2Fv2%2Fmedia&parent=19142"}],"wp:term":[{"taxonomy":"category","embeddable":true,"href":"https:\/\/www.egemtv.com\/index.php?rest_route=%2Fwp%2Fv2%2Fcategories&post=19142"},{"taxonomy":"post_tag","embeddable":true,"href":"https:\/\/www.egemtv.com\/index.php?rest_route=%2Fwp%2Fv2%2Ftags&post=19142"}],"curies":[{"name":"wp","href":"https:\/\/api.w.org\/{rel}","templated":true}]}}