{"id":19139,"date":"2025-02-15T13:18:46","date_gmt":"2025-02-15T10:18:46","guid":{"rendered":"https:\/\/www.egemtv.com\/?p=19139"},"modified":"2025-02-15T13:18:51","modified_gmt":"2025-02-15T10:18:51","slug":"selcuk-sokaklarinda-temizlik-harekati","status":"publish","type":"post","link":"https:\/\/www.egemtv.com\/?p=19139","title":{"rendered":"Sel\u00e7uk sokaklar\u0131nda temizlik harek\u00e2t\u0131"},"content":{"rendered":"<p>Sel\u00e7uk Belediyesi, \u0130zmir B\u00fcy\u00fck\u015fehir Belediyesi deste\u011fiyle kentte detayl\u0131 temizlik \u00e7al\u0131\u015fmalar\u0131n\u0131 s\u00fcrd\u00fcrmeye devam ediyor. Temizlik g\u00f6revlileri, bu defa Zafer Mahallesinde e\u015f zamanl\u0131 olarak t\u00fcm cadde ve sokaklar\u0131 s\u00fcp\u00fcr\u00fcp temizledi.<br \/>\n<br \/>\u0130zmir B\u00fcy\u00fck\u015fehir Belediyesi \u0130klim De\u011fi\u015fikli\u011fi ve S\u0131f\u0131r At\u0131k Dairesi Ba\u015fkanl\u0131\u011f\u0131 Kent Temizli\u011fi \u015eube M\u00fcd\u00fcrl\u00fc\u011f\u00fc taraf\u0131ndan g\u00f6revlendirilen 23 ki\u015filik temizlik ekibi, Sel\u00e7uk Belediyesi temizlik emek\u00e7ileri ile birlik ve dayan\u0131\u015fmayla Sel\u00e7uk sokaklar\u0131n\u0131 p\u0131r\u0131l p\u0131r\u0131l yapt\u0131. B\u00fcy\u00fck bir \u00f6zveriyle \u00e7al\u0131\u015fan temizlik \u00e7al\u0131\u015fanlar\u0131, \u00e7ocuklar\u0131n oyun alanlar\u0131 olan parklardaki \u00e7\u00f6pleri toplayarak oyun gruplar\u0131n\u0131 bas\u0131n\u00e7l\u0131 suyla temizledi. \u00c7\u00f6plerin tamam\u0131 topland\u0131ktan sonra yol s\u00fcp\u00fcrme ara\u00e7lar\u0131 ile kapsaml\u0131 bir temizli\u011fe ba\u015fland\u0131. S\u00fcp\u00fcrme i\u015fleminden sonra Zafer Mahallesi\u2019nin Cadde ve sokaklar\u0131 bas\u0131n\u00e7l\u0131 suyla y\u0131kand\u0131.<\/p>\n<p>Bizi yaln\u0131z b\u0131rakm\u0131yorlar<br \/>\n<br \/>\u0130zmir B\u00fcy\u00fck\u015fehir Belediyesi ekiplerine kentteki temizlik seferberli\u011fine verdikleri destekten dolay\u0131 te\u015fekk\u00fcr eden Sel\u00e7uk Belediyesi Temizlik \u0130\u015fleri M\u00fcd\u00fcr\u00fc \u00d6zkan Arac\u0131; &#8220;\u0130zmir B\u00fcy\u00fck\u015fehir Belediyesinin Efes Sel\u00e7uk Belediyemize olan deste\u011fi her zaman oldu\u011fu gibi yine devam ediyor. Daha \u00f6nce de yapt\u0131\u011f\u0131m\u0131z toplu temizlik faaliyetimizin bug\u00fcn \u00fc\u00e7\u00fcnc\u00fcs\u00fcn\u00fc yap\u0131yoruz. Kendi temizlik ekiplerimiz de dahil olmak \u00fczere yakla\u015f\u0131k 40 personel ile \u00e7al\u0131\u015f\u0131yoruz. \u0130zmir B\u00fcy\u00fck\u015fehir Belediyesinden 3 vakumlu ara\u00e7, 2 tane araz\u00f6z, 1 tane \u00e7\u00f6p taksi, bir de Efes Sel\u00e7uk Belediyesinin \u00e7\u00f6p ara\u00e7lar\u0131yla birlikte toplu bir temizlik faaliyetimiz oldu. \u0130zmir B\u00fcy\u00fck\u015fehir Belediyesinin bu desteklerinden dolay\u0131 kendilerine \u00e7ok te\u015fekk\u00fcr ediyoruz. Bizi yaln\u0131z b\u0131rakm\u0131yorlar, bu konuda destek oluyorlar her zaman olduklar\u0131 gibi.&#8221; dedi<br \/><\/p>\n","protected":false},"excerpt":{"rendered":"<p>Sel\u00e7uk Belediyesi, \u0130zmir B\u00fcy\u00fck\u015fehir Belediyesi deste\u011fiyle kentte detayl\u0131 temizlik \u00e7al\u0131\u015fmalar\u0131n\u0131 s\u00fcrd\u00fcrmeye devam ediyor. Temizlik g\u00f6revlileri, bu defa Zafer Mahallesinde e\u015f zamanl\u0131 olarak t\u00fcm cadde ve sokaklar\u0131 s\u00fcp\u00fcr\u00fcp temizledi. \u0130zmir B\u00fcy\u00fck\u015fehir Belediyesi \u0130klim De\u011fi\u015fikli\u011fi ve S\u0131f\u0131r At\u0131k Dairesi Ba\u015fkanl\u0131\u011f\u0131 Kent Temizli\u011fi \u015eube M\u00fcd\u00fcrl\u00fc\u011f\u00fc taraf\u0131ndan g\u00f6revlendirilen 23 ki\u015filik temizlik ekibi, Sel\u00e7uk Belediyesi temizlik emek\u00e7ileri ile birlik ve&#8230;<\/p>\n","protected":false},"author":1,"featured_media":19140,"comment_status":"open","ping_status":"open","sticky":false,"template":"","format":"standard","meta":{"_crdt_document":"","footnotes":""},"categories":[1],"tags":[],"class_list":["post-19139","post","type-post","status-publish","format-standard","has-post-thumbnail","hentry","category-guncel"],"_links":{"self":[{"href":"https:\/\/www.egemtv.com\/index.php?rest_route=\/wp\/v2\/posts\/19139","targetHints":{"allow":["GET"]}}],"collection":[{"href":"https:\/\/www.egemtv.com\/index.php?rest_route=\/wp\/v2\/posts"}],"about":[{"href":"https:\/\/www.egemtv.com\/index.php?rest_route=\/wp\/v2\/types\/post"}],"author":[{"embeddable":true,"href":"https:\/\/www.egemtv.com\/index.php?rest_route=\/wp\/v2\/users\/1"}],"replies":[{"embeddable":true,"href":"https:\/\/www.egemtv.com\/index.php?rest_route=%2Fwp%2Fv2%2Fcomments&post=19139"}],"version-history":[{"count":1,"href":"https:\/\/www.egemtv.com\/index.php?rest_route=\/wp\/v2\/posts\/19139\/revisions"}],"predecessor-version":[{"id":19141,"href":"https:\/\/www.egemtv.com\/index.php?rest_route=\/wp\/v2\/posts\/19139\/revisions\/19141"}],"wp:featuredmedia":[{"embeddable":true,"href":"https:\/\/www.egemtv.com\/index.php?rest_route=\/wp\/v2\/media\/19140"}],"wp:attachment":[{"href":"https:\/\/www.egemtv.com\/index.php?rest_route=%2Fwp%2Fv2%2Fmedia&parent=19139"}],"wp:term":[{"taxonomy":"category","embeddable":true,"href":"https:\/\/www.egemtv.com\/index.php?rest_route=%2Fwp%2Fv2%2Fcategories&post=19139"},{"taxonomy":"post_tag","embeddable":true,"href":"https:\/\/www.egemtv.com\/index.php?rest_route=%2Fwp%2Fv2%2Ftags&post=19139"}],"curies":[{"name":"wp","href":"https:\/\/api.w.org\/{rel}","templated":true}]}}