{"id":19136,"date":"2025-02-15T13:18:40","date_gmt":"2025-02-15T10:18:40","guid":{"rendered":"https:\/\/www.egemtv.com\/?p=19136"},"modified":"2025-02-15T13:18:45","modified_gmt":"2025-02-15T10:18:45","slug":"germencikte-jandarma-ekiplerinden-kacak-sigara-operasyonu","status":"publish","type":"post","link":"https:\/\/www.egemtv.com\/?p=19136","title":{"rendered":"Germencik\u2019te jandarma ekiplerinden ka\u00e7ak sigara operasyonu"},"content":{"rendered":"<p>Ayd\u0131n\u2019\u0131n Germencik il\u00e7esinde jandarma ekipleri taraf\u0131ndan ger\u00e7ekle\u015ftirilen operasyon kapsam\u0131nda 545 paket ka\u00e7ak sigara ele ge\u00e7irildi.<\/p>\n<p>Edinilen bilgiye g\u00f6re, Ayd\u0131n \u0130l Jandarma Komutanl\u0131\u011f\u0131 KOM \u015eube M\u00fcd\u00fcrl\u00fc\u011f\u00fc ve Germencik \u0130l\u00e7e Jandarma Komutanl\u0131\u011f\u0131 taraf\u0131ndan sigara ka\u00e7ak\u00e7\u0131l\u0131\u011f\u0131na y\u00f6nelik koordineli faaliyette operasyon i\u00e7in d\u00fc\u011fmeye bas\u0131ld\u0131. H\u0131d\u0131rbeyli Mahallesi\u2019nde ger\u00e7ekle\u015ftirilen operasyonda 545 paket sigara ele ge\u00e7irildi. \u015e\u00fcpheli \u015fah\u0131s ile ilgili adli ve idari s\u00fcrecin ise devam etti\u011fi \u00f6\u011frenildi.<br \/><\/p>\n","protected":false},"excerpt":{"rendered":"<p>Ayd\u0131n\u2019\u0131n Germencik il\u00e7esinde jandarma ekipleri taraf\u0131ndan ger\u00e7ekle\u015ftirilen operasyon kapsam\u0131nda 545 paket ka\u00e7ak sigara ele ge\u00e7irildi. Edinilen bilgiye g\u00f6re, Ayd\u0131n \u0130l Jandarma Komutanl\u0131\u011f\u0131 KOM \u015eube M\u00fcd\u00fcrl\u00fc\u011f\u00fc ve Germencik \u0130l\u00e7e Jandarma Komutanl\u0131\u011f\u0131 taraf\u0131ndan sigara ka\u00e7ak\u00e7\u0131l\u0131\u011f\u0131na y\u00f6nelik koordineli faaliyette operasyon i\u00e7in d\u00fc\u011fmeye bas\u0131ld\u0131. H\u0131d\u0131rbeyli Mahallesi\u2019nde ger\u00e7ekle\u015ftirilen operasyonda 545 paket sigara ele ge\u00e7irildi. \u015e\u00fcpheli \u015fah\u0131s ile ilgili adli ve&#8230;<\/p>\n","protected":false},"author":1,"featured_media":19137,"comment_status":"open","ping_status":"open","sticky":false,"template":"","format":"standard","meta":{"_crdt_document":"","footnotes":""},"categories":[5],"tags":[],"class_list":["post-19136","post","type-post","status-publish","format-standard","has-post-thumbnail","hentry","category-asayis"],"_links":{"self":[{"href":"https:\/\/www.egemtv.com\/index.php?rest_route=\/wp\/v2\/posts\/19136","targetHints":{"allow":["GET"]}}],"collection":[{"href":"https:\/\/www.egemtv.com\/index.php?rest_route=\/wp\/v2\/posts"}],"about":[{"href":"https:\/\/www.egemtv.com\/index.php?rest_route=\/wp\/v2\/types\/post"}],"author":[{"embeddable":true,"href":"https:\/\/www.egemtv.com\/index.php?rest_route=\/wp\/v2\/users\/1"}],"replies":[{"embeddable":true,"href":"https:\/\/www.egemtv.com\/index.php?rest_route=%2Fwp%2Fv2%2Fcomments&post=19136"}],"version-history":[{"count":1,"href":"https:\/\/www.egemtv.com\/index.php?rest_route=\/wp\/v2\/posts\/19136\/revisions"}],"predecessor-version":[{"id":19138,"href":"https:\/\/www.egemtv.com\/index.php?rest_route=\/wp\/v2\/posts\/19136\/revisions\/19138"}],"wp:featuredmedia":[{"embeddable":true,"href":"https:\/\/www.egemtv.com\/index.php?rest_route=\/wp\/v2\/media\/19137"}],"wp:attachment":[{"href":"https:\/\/www.egemtv.com\/index.php?rest_route=%2Fwp%2Fv2%2Fmedia&parent=19136"}],"wp:term":[{"taxonomy":"category","embeddable":true,"href":"https:\/\/www.egemtv.com\/index.php?rest_route=%2Fwp%2Fv2%2Fcategories&post=19136"},{"taxonomy":"post_tag","embeddable":true,"href":"https:\/\/www.egemtv.com\/index.php?rest_route=%2Fwp%2Fv2%2Ftags&post=19136"}],"curies":[{"name":"wp","href":"https:\/\/api.w.org\/{rel}","templated":true}]}}