{"id":19124,"date":"2025-02-15T13:07:41","date_gmt":"2025-02-15T10:07:41","guid":{"rendered":"https:\/\/www.egemtv.com\/?p=19124"},"modified":"2025-02-15T13:07:50","modified_gmt":"2025-02-15T10:07:50","slug":"didimde-130-adet-saksiya-ekilmis-hint-keneviri-ele-gecirildi","status":"publish","type":"post","link":"https:\/\/www.egemtv.com\/?p=19124","title":{"rendered":"Didim\u2019de 130 adet saks\u0131ya ekilmi\u015f Hint keneviri ele ge\u00e7irildi"},"content":{"rendered":"<p>Ayd\u0131n\u2019\u0131n Didim il\u00e7esinde jandarma ekipleri taraf\u0131ndan ger\u00e7ekle\u015ftirilen uyu\u015fturucu operasyonunda yap\u0131lan aramalarda 130 adet saks\u0131ya ekilmi\u015f Hint keneviri ele ge\u00e7irildi.<br \/>\n<br \/>Ayd\u0131n\u2019da jandarma ekipleri uyu\u015fturucu madde kullan\u0131m\u0131 ve ticaretinin \u00f6nlenmesine y\u00f6nelik \u00e7al\u0131\u015fmalar\u0131n\u0131 aral\u0131ks\u0131z s\u00fcrd\u00fcr\u00fcyor. Edinilen bilgiye g\u00f6re, Didim \u0130l\u00e7e Jandarma Komutanl\u0131\u011f\u0131 taraf\u0131ndan uyu\u015fturucu madde imal ve ticaretine y\u00f6nelik \u00e7al\u0131\u015fmalar kapsam\u0131nda S.T. isimli \u015f\u00fcpheli \u015fahs\u0131n ikametine operasyon d\u00fczenlendi. Operasyonda yap\u0131lan aramalarda uyu\u015fturucu madde \u00fcretmek amac\u0131yla 130 adet saks\u0131ya ekilmi\u015f hint keneviri ele ge\u00e7irildi. G\u00f6zalt\u0131na al\u0131nan S.T. jandarmadaki i\u015flemlerinin ard\u0131ndan sevk edildi\u011fi adliyede \u00e7\u0131kart\u0131ld\u0131\u011f\u0131 adi makamlarca tutuklanarak cezaevine g\u00f6nderildi.<br \/><\/p>\n","protected":false},"excerpt":{"rendered":"<p>Ayd\u0131n\u2019\u0131n Didim il\u00e7esinde jandarma ekipleri taraf\u0131ndan ger\u00e7ekle\u015ftirilen uyu\u015fturucu operasyonunda yap\u0131lan aramalarda 130 adet saks\u0131ya ekilmi\u015f Hint keneviri ele ge\u00e7irildi. Ayd\u0131n\u2019da jandarma ekipleri uyu\u015fturucu madde kullan\u0131m\u0131 ve ticaretinin \u00f6nlenmesine y\u00f6nelik \u00e7al\u0131\u015fmalar\u0131n\u0131 aral\u0131ks\u0131z s\u00fcrd\u00fcr\u00fcyor. Edinilen bilgiye g\u00f6re, Didim \u0130l\u00e7e Jandarma Komutanl\u0131\u011f\u0131 taraf\u0131ndan uyu\u015fturucu madde imal ve ticaretine y\u00f6nelik \u00e7al\u0131\u015fmalar kapsam\u0131nda S.T. isimli \u015f\u00fcpheli \u015fahs\u0131n ikametine operasyon d\u00fczenlendi&#8230;.<\/p>\n","protected":false},"author":1,"featured_media":19125,"comment_status":"open","ping_status":"open","sticky":false,"template":"","format":"standard","meta":{"_crdt_document":"","footnotes":""},"categories":[5],"tags":[],"class_list":["post-19124","post","type-post","status-publish","format-standard","has-post-thumbnail","hentry","category-asayis"],"_links":{"self":[{"href":"https:\/\/www.egemtv.com\/index.php?rest_route=\/wp\/v2\/posts\/19124","targetHints":{"allow":["GET"]}}],"collection":[{"href":"https:\/\/www.egemtv.com\/index.php?rest_route=\/wp\/v2\/posts"}],"about":[{"href":"https:\/\/www.egemtv.com\/index.php?rest_route=\/wp\/v2\/types\/post"}],"author":[{"embeddable":true,"href":"https:\/\/www.egemtv.com\/index.php?rest_route=\/wp\/v2\/users\/1"}],"replies":[{"embeddable":true,"href":"https:\/\/www.egemtv.com\/index.php?rest_route=%2Fwp%2Fv2%2Fcomments&post=19124"}],"version-history":[{"count":1,"href":"https:\/\/www.egemtv.com\/index.php?rest_route=\/wp\/v2\/posts\/19124\/revisions"}],"predecessor-version":[{"id":19128,"href":"https:\/\/www.egemtv.com\/index.php?rest_route=\/wp\/v2\/posts\/19124\/revisions\/19128"}],"wp:featuredmedia":[{"embeddable":true,"href":"https:\/\/www.egemtv.com\/index.php?rest_route=\/wp\/v2\/media\/19125"}],"wp:attachment":[{"href":"https:\/\/www.egemtv.com\/index.php?rest_route=%2Fwp%2Fv2%2Fmedia&parent=19124"}],"wp:term":[{"taxonomy":"category","embeddable":true,"href":"https:\/\/www.egemtv.com\/index.php?rest_route=%2Fwp%2Fv2%2Fcategories&post=19124"},{"taxonomy":"post_tag","embeddable":true,"href":"https:\/\/www.egemtv.com\/index.php?rest_route=%2Fwp%2Fv2%2Ftags&post=19124"}],"curies":[{"name":"wp","href":"https:\/\/api.w.org\/{rel}","templated":true}]}}