{"id":19121,"date":"2025-02-15T13:00:24","date_gmt":"2025-02-15T10:00:24","guid":{"rendered":"https:\/\/www.egemtv.com\/?p=19121"},"modified":"2025-02-15T13:00:31","modified_gmt":"2025-02-15T10:00:31","slug":"maskiden-ciftciyi-rahatlatan-calisma","status":"publish","type":"post","link":"https:\/\/www.egemtv.com\/?p=19121","title":{"rendered":"MASK\u0130\u2019den \u00e7ift\u00e7iyi rahatlatan \u00e7al\u0131\u015fma"},"content":{"rendered":"<p>Manisa B\u00fcy\u00fck\u015fehir Belediyesi, dere yataklar\u0131nda yapt\u0131\u011f\u0131 temizlik ve d\u00fczenlemeler ile vatanda\u015flar\u0131n hayat\u0131n\u0131 kolayla\u015ft\u0131rmaya devam ediyor.<br \/>\n<br \/>Manisa Su ve Kanalizasyon \u0130daresi (MASK\u0130) Genel M\u00fcd\u00fcrl\u00fc\u011f\u00fc, Akhisar il\u00e7esine ba\u011fl\u0131 Moral\u0131lar Mahallesi\u2019nde uzun zamand\u0131r kapal\u0131 olan yol ge\u00e7i\u015fini, yapt\u0131\u011f\u0131 menfez montajlar\u0131yla yeniden aktif hale getirdi. \u00c7al\u0131\u015fman\u0131n hayata ge\u00e7irildi\u011fi Moral\u0131lar Mahalle Muhtar\u0131 Y\u0131lmaz K\u0131rba\u015f, &#8220;Bu yol sayesinde hasat zaman\u0131 5 kilometre \u00f6teden dolanarak, \u00fcr\u00fcn\u00fcn\u00fc fabrikaya getiren \u00e7ift\u00e7i, art\u0131k 500 metreden i\u015fini g\u00f6recek. Say\u0131n B\u00fcy\u00fck\u015fehir Belediye Ba\u015fkan\u0131m\u0131za, Akhisar Belediye Ba\u015fkan\u0131m\u0131za, b\u00fct\u00fcn kurum amirlerine m\u00fcd\u00fcrlerine ve \u00e7al\u0131\u015fanlar\u0131na te\u015fekk\u00fcr ederim&#8221; dedi.<br \/>\n<br \/>MASK\u0130 Genel M\u00fcd\u00fcrl\u00fc\u011f\u00fc, il genelinde dere yataklar\u0131ndaki hummal\u0131 \u00e7al\u0131\u015fmalar\u0131na devam ediyor. \u00c7evre Koruma ve Kontrol Dairesi Ba\u015fkanl\u0131\u011f\u0131 b\u00fcnyesinde Akhisar\u2019\u0131n Moral\u0131lar Mahallesi\u2019nde de halk\u0131n ya\u015fam\u0131n\u0131 kolayla\u015ft\u0131racak \u00f6nemli bir \u00e7al\u0131\u015fma hayata ge\u00e7irildi. Uzun zamand\u0131r yetersiz beton b\u00fczler nedeniyle kapal\u0131 olan yol ge\u00e7i\u015fi, yap\u0131lan menfez montaj\u0131yla yeniden aktif hale getirildi. MASK\u0130, bu \u00e7al\u0131\u015fmayla Akselendi, Sazoba, Beyoba ve Rahmiye mahallelerindeki \u00e7ift\u00e7ilerin de yolunu k\u0131saltarak, b\u00fcy\u00fck kolayl\u0131k sa\u011flad\u0131.<br \/>\n<br \/>\u00c7al\u0131\u015fman\u0131n hayata ge\u00e7irildi\u011fi Moral\u0131lar Mahalle Muhtar\u0131 Y\u0131lmaz K\u0131rba\u015f, &#8220;Bu yol ge\u00e7i\u015fini uzun zamand\u0131r kullanam\u0131yorduk. Tabi bu hizmeti bu karda k\u0131\u015fta, bu so\u011fuk havalarda beklemiyordum. Sa\u011f olsunlar bu havada yolumuzu a\u00e7t\u0131lar. Bu yol sayesinde hasat zaman\u0131 5 kilometre \u00f6teden dolanarak, \u00fcr\u00fcn\u00fcn\u00fc fabrikaya getiren \u00e7ift\u00e7i art\u0131k 500 metreden i\u015fini g\u00f6recek&#8221; diye konu\u015ftu.<br \/><\/p>\n","protected":false},"excerpt":{"rendered":"<p>Manisa B\u00fcy\u00fck\u015fehir Belediyesi, dere yataklar\u0131nda yapt\u0131\u011f\u0131 temizlik ve d\u00fczenlemeler ile vatanda\u015flar\u0131n hayat\u0131n\u0131 kolayla\u015ft\u0131rmaya devam ediyor. Manisa Su ve Kanalizasyon \u0130daresi (MASK\u0130) Genel M\u00fcd\u00fcrl\u00fc\u011f\u00fc, Akhisar il\u00e7esine ba\u011fl\u0131 Moral\u0131lar Mahallesi\u2019nde uzun zamand\u0131r kapal\u0131 olan yol ge\u00e7i\u015fini, yapt\u0131\u011f\u0131 menfez montajlar\u0131yla yeniden aktif hale getirdi. \u00c7al\u0131\u015fman\u0131n hayata ge\u00e7irildi\u011fi Moral\u0131lar Mahalle Muhtar\u0131 Y\u0131lmaz K\u0131rba\u015f, &#8220;Bu yol sayesinde hasat zaman\u0131 5&#8230;<\/p>\n","protected":false},"author":1,"featured_media":19122,"comment_status":"open","ping_status":"open","sticky":false,"template":"","format":"standard","meta":{"_crdt_document":"","footnotes":""},"categories":[125],"tags":[],"class_list":["post-19121","post","type-post","status-publish","format-standard","has-post-thumbnail","hentry","category-ekonomi"],"_links":{"self":[{"href":"https:\/\/www.egemtv.com\/index.php?rest_route=\/wp\/v2\/posts\/19121","targetHints":{"allow":["GET"]}}],"collection":[{"href":"https:\/\/www.egemtv.com\/index.php?rest_route=\/wp\/v2\/posts"}],"about":[{"href":"https:\/\/www.egemtv.com\/index.php?rest_route=\/wp\/v2\/types\/post"}],"author":[{"embeddable":true,"href":"https:\/\/www.egemtv.com\/index.php?rest_route=\/wp\/v2\/users\/1"}],"replies":[{"embeddable":true,"href":"https:\/\/www.egemtv.com\/index.php?rest_route=%2Fwp%2Fv2%2Fcomments&post=19121"}],"version-history":[{"count":1,"href":"https:\/\/www.egemtv.com\/index.php?rest_route=\/wp\/v2\/posts\/19121\/revisions"}],"predecessor-version":[{"id":19123,"href":"https:\/\/www.egemtv.com\/index.php?rest_route=\/wp\/v2\/posts\/19121\/revisions\/19123"}],"wp:featuredmedia":[{"embeddable":true,"href":"https:\/\/www.egemtv.com\/index.php?rest_route=\/wp\/v2\/media\/19122"}],"wp:attachment":[{"href":"https:\/\/www.egemtv.com\/index.php?rest_route=%2Fwp%2Fv2%2Fmedia&parent=19121"}],"wp:term":[{"taxonomy":"category","embeddable":true,"href":"https:\/\/www.egemtv.com\/index.php?rest_route=%2Fwp%2Fv2%2Fcategories&post=19121"},{"taxonomy":"post_tag","embeddable":true,"href":"https:\/\/www.egemtv.com\/index.php?rest_route=%2Fwp%2Fv2%2Ftags&post=19121"}],"curies":[{"name":"wp","href":"https:\/\/api.w.org\/{rel}","templated":true}]}}