{"id":19117,"date":"2025-02-15T12:50:46","date_gmt":"2025-02-15T09:50:46","guid":{"rendered":"https:\/\/www.egemtv.com\/?p=19117"},"modified":"2025-02-15T12:50:53","modified_gmt":"2025-02-15T09:50:53","slug":"efeler-belediyesi-sirket-calisanlari-maaslarinin-eksik-odendigi-gerekcesiyle-is-birakti-2","status":"publish","type":"post","link":"https:\/\/www.egemtv.com\/?p=19117","title":{"rendered":"Efeler Belediyesi \u015firket \u00e7al\u0131\u015fanlar\u0131 maa\u015flar\u0131n\u0131n eksik \u00f6dendi\u011fi gerek\u00e7esiyle i\u015f b\u0131rakt\u0131"},"content":{"rendered":"<p>Efeler Belediyesi\u2019ne ait EFEBEL \u015firketinin \u00e7al\u0131\u015fanlar\u0131, maa\u015flar\u0131n\u0131n eksik \u00f6dendi\u011fi gerek\u00e7esiyle i\u015f b\u0131rakma eylemi ger\u00e7ekle\u015ftirdi. Temizlik i\u015f\u00e7ileri, Kocag\u00fcr Mahallesi\u2019ndeki temizlik i\u015fleri \u015fantiyesinde toplanarak maa\u015flar\u0131n\u0131n tam olarak \u00f6denmesini isteyerek yetkililere seslerini duyurmak i\u00e7in bu eylemi yapt\u0131klar\u0131n\u0131 belirtti.<\/p>\n<p>Edinilen bilgiye g\u00f6re, sabah\u0131n erken saatlerinde Kocag\u00fcr\u2019deki \u015fantiyeye gelen i\u015f\u00e7iler, hesaplar\u0131na yatan maa\u015flar\u0131n eksik oldu\u011funu g\u00f6r\u00fcnce ara\u00e7lar\u0131na binip temizlik i\u015fine gitmekten vazge\u00e7erek grev yapma karar\u0131 ald\u0131. Eyleme kat\u0131lan i\u015f\u00e7iler maa\u015flar\u0131n\u0131n tamam\u0131n\u0131n \u00f6denmesi talebiyle \u015fantiyede halay \u00e7ekti.<\/p>\n<p>\u0130\u015f\u00e7ilerin maa\u015flar\u0131n\u0131n sadece d\u00f6rtte birinin yat\u0131r\u0131ld\u0131\u011f\u0131n\u0131 belirten Genel \u0130\u015f Sendikas\u0131 Ayd\u0131n \u015eube Ba\u015fkan\u0131 Sibel \u00d6zhan, bu nedenle eylem karar\u0131 ald\u0131klar\u0131n\u0131 s\u00f6yledi. \u00d6zhan, Belediye Ba\u015fkan\u0131 ve ilgili m\u00fcd\u00fcrlere ba\u015fvurduklar\u0131n\u0131 ancak herhangi bir geri d\u00f6n\u00fc\u015f almad\u0131klar\u0131n\u0131 ifade etti. Temizlik i\u015flerinin bir belediyenin kalbi oldu\u011funu ifade eden \u00d6zhan, &#8220;Bug\u00fcn i\u015fe \u00e7\u0131kmamam\u0131z\u0131n sebebi maa\u015flar\u0131m\u0131z\u0131n 4\u2019te 1 yatmas\u0131d\u0131r. Arkada\u015flar\u0131m\u0131z ev ge\u00e7indiriyor, \u00e7ocuk okutuyor, hastas\u0131 olanlar da var. Hep birlikte bireysel i\u015f yava\u015flatma karar\u0131 ald\u0131k. Sabah\u0131n 6\u2019s\u0131nda arkada\u015flar\u0131m beni aray\u0131p bu durum ile ilgili bilgi verdiler. Ben de o saatten bu yana yanlar\u0131nday\u0131m. Gerekli ilgililer, birim m\u00fcd\u00fcrlerimiz ve ba\u015fkanlar\u0131m\u0131z arand\u0131. Ancak kimse bize geri d\u00f6n\u00fc\u015f yapmad\u0131. Buradaki i\u015f\u00e7i arkada\u015flar\u0131m\u0131z\u0131n maa\u015flar\u0131n\u0131n eksik yat\u0131r\u0131lmas\u0131n\u0131n sendikan\u0131n icraya vermesi ad\u0131 alt\u0131nda bir kelime ile a\u00e7\u0131klama g\u00f6ndererek bize bilgi veriyorlar. Burada sendika belediyeyi icraya vermedi. \u0130\u015ften at\u0131lan arkada\u015flar\u0131m\u0131z oldu. Onlar da i\u00e7eride bulunan 60-70 bin TL civar\u0131 alacaklar\u0131ndan dolay\u0131 belediyeyi icraya vermi\u015flerdir. Bu durum buradaki i\u015f\u00e7i arkada\u015flar\u0131m\u0131z\u0131n maa\u015flar\u0131n\u0131n 4\u2019te 1 yatmas\u0131na sebep de\u011fildir. Biz yetkililerden a\u00e7\u0131klama bekliyoruz. Temizlik i\u015fleri belediyenin kalbidir, omurili\u011fidir. Temizlik i\u015fleri durdu\u011fu zaman t\u00fcm Efeler durur. Dolay\u0131s\u0131yla burada arkada\u015flar\u0131m\u0131z\u0131n hak etti\u011fi, eme\u011finin kar\u015f\u0131l\u0131\u011f\u0131 al\u0131n teri olan \u00f6demelerinin biran \u00f6nce yat\u0131r\u0131lmas\u0131n\u0131 istiyoruz&#8221; dedi.<\/p>\n<p>&#8220;Bordrolarda g\u00f6sterilip hesaplara eksik yat\u0131yor&#8221;<br \/>\n<br \/>\u0130\u015f\u00e7ilerin geriye d\u00f6n\u00fck alacaklar\u0131n\u0131n bordrolarda yat\u0131r\u0131l\u0131yor olarak g\u00f6sterilip yaz\u0131lan tutarlar\u0131n maa\u015f hesaplar\u0131na eksik yat\u0131r\u0131ld\u0131\u011f\u0131n\u0131 iddia eden \u00d6zhan, &#8220;\u0130\u00e7eride 11 ayd\u0131r alacaklar\u0131m\u0131z mevcut. \u0130kramiyelerimiz, toplu s\u00f6zle\u015fmelerimizden, geriye d\u00f6n\u00fck alacaklar\u0131m\u0131z mevcut. Bunlar maa\u015f bordrolar\u0131m\u0131za yans\u0131t\u0131l\u0131yor, yat\u0131r\u0131l\u0131yor gibi g\u00f6steriliyor ama maa\u015f hesaplar\u0131na eksik yat\u0131r\u0131l\u0131yor. Maa\u015f bordrosunda 35-40 bin TL g\u00f6steriliyor ancak banka hesaplar\u0131na 25-26 bin TL olarak ge\u00e7iyor. Biz arkada\u015flar\u0131m\u0131zla birlikte 11 ayd\u0131r bu \u00f6demelerin yap\u0131lmas\u0131n\u0131 bekliyoruz. B\u00fct\u00e7enin olmad\u0131\u011f\u0131, paran\u0131n olmad\u0131\u011f\u0131 s\u00f6yleniyor. Fakat 2025 b\u00fct\u00e7esi yani yeni b\u00fct\u00e7e, bu b\u00fct\u00e7enin yap\u0131lmas\u0131 art\u0131k yeni sorumlular\u0131n elindedir. Dolay\u0131s\u0131yla i\u015f\u00e7inin art\u0131k dayanma g\u00fcc\u00fc kalmam\u0131\u015ft\u0131r. Mesela bir i\u015f\u00e7i arkada\u015f\u0131m\u0131z\u0131n \u00e7ocu\u011fu SMA hastas\u0131 ve bug\u00fcn maa\u015f \u00f6demesi olarak 7 bin TL hesab\u0131na para yatt\u0131. Sadece \u00e7ocu\u011funun ilac\u0131 7 bin TL tutuyor. \u0130\u015f\u00e7i arkada\u015flar\u0131m\u0131z evine ekmek g\u00f6t\u00fcremez duruma geldi. Yetkililerden \u00f6deme plan\u0131n\u0131n \u00e7\u0131kart\u0131lmas\u0131n\u0131 istedik, taksitlendirilmesini yada 3\u2019e b\u00f6l\u00fcnmesini istedik ama b\u00fct\u00e7e olmad\u0131\u011f\u0131 i\u00e7in sendikam\u0131za bu konu ile ilgili herhangi bir cevap verilmedi. Biz de arkada\u015flar\u0131m\u0131za cevap vermedik. \u0130\u015f\u00e7ilerimizin bug\u00fcn de maa\u015f\u0131n\u0131n 8 bin TL olarak yat\u0131r\u0131lmas\u0131 i\u015f\u00e7ileri bu duruma getirdi&#8221; diye konu\u015ftu.<\/p>\n<p>\u0130\u015f\u00e7iler, geriye d\u00f6n\u00fck alacaklar\u0131n ve maa\u015flar\u0131n\u0131n tam olarak \u00f6denmesini talep ederek eylemlerini s\u00fcrd\u00fcr\u00fcyor.<br \/><\/p>\n","protected":false},"excerpt":{"rendered":"<p>Efeler Belediyesi\u2019ne ait EFEBEL \u015firketinin \u00e7al\u0131\u015fanlar\u0131, maa\u015flar\u0131n\u0131n eksik \u00f6dendi\u011fi gerek\u00e7esiyle i\u015f b\u0131rakma eylemi ger\u00e7ekle\u015ftirdi. Temizlik i\u015f\u00e7ileri, Kocag\u00fcr Mahallesi\u2019ndeki temizlik i\u015fleri \u015fantiyesinde toplanarak maa\u015flar\u0131n\u0131n tam olarak \u00f6denmesini isteyerek yetkililere seslerini duyurmak i\u00e7in bu eylemi yapt\u0131klar\u0131n\u0131 belirtti. Edinilen bilgiye g\u00f6re, sabah\u0131n erken saatlerinde Kocag\u00fcr\u2019deki \u015fantiyeye gelen i\u015f\u00e7iler, hesaplar\u0131na yatan maa\u015flar\u0131n eksik oldu\u011funu g\u00f6r\u00fcnce ara\u00e7lar\u0131na binip temizlik i\u015fine&#8230;<\/p>\n","protected":false},"author":1,"featured_media":19118,"comment_status":"open","ping_status":"open","sticky":false,"template":"","format":"standard","meta":{"_crdt_document":"","footnotes":""},"categories":[1],"tags":[],"class_list":["post-19117","post","type-post","status-publish","format-standard","has-post-thumbnail","hentry","category-guncel"],"_links":{"self":[{"href":"https:\/\/www.egemtv.com\/index.php?rest_route=\/wp\/v2\/posts\/19117","targetHints":{"allow":["GET"]}}],"collection":[{"href":"https:\/\/www.egemtv.com\/index.php?rest_route=\/wp\/v2\/posts"}],"about":[{"href":"https:\/\/www.egemtv.com\/index.php?rest_route=\/wp\/v2\/types\/post"}],"author":[{"embeddable":true,"href":"https:\/\/www.egemtv.com\/index.php?rest_route=\/wp\/v2\/users\/1"}],"replies":[{"embeddable":true,"href":"https:\/\/www.egemtv.com\/index.php?rest_route=%2Fwp%2Fv2%2Fcomments&post=19117"}],"version-history":[{"count":1,"href":"https:\/\/www.egemtv.com\/index.php?rest_route=\/wp\/v2\/posts\/19117\/revisions"}],"predecessor-version":[{"id":19120,"href":"https:\/\/www.egemtv.com\/index.php?rest_route=\/wp\/v2\/posts\/19117\/revisions\/19120"}],"wp:featuredmedia":[{"embeddable":true,"href":"https:\/\/www.egemtv.com\/index.php?rest_route=\/wp\/v2\/media\/19118"}],"wp:attachment":[{"href":"https:\/\/www.egemtv.com\/index.php?rest_route=%2Fwp%2Fv2%2Fmedia&parent=19117"}],"wp:term":[{"taxonomy":"category","embeddable":true,"href":"https:\/\/www.egemtv.com\/index.php?rest_route=%2Fwp%2Fv2%2Fcategories&post=19117"},{"taxonomy":"post_tag","embeddable":true,"href":"https:\/\/www.egemtv.com\/index.php?rest_route=%2Fwp%2Fv2%2Ftags&post=19117"}],"curies":[{"name":"wp","href":"https:\/\/api.w.org\/{rel}","templated":true}]}}