{"id":19106,"date":"2025-02-15T12:13:58","date_gmt":"2025-02-15T09:13:58","guid":{"rendered":"https:\/\/www.egemtv.com\/?p=19106"},"modified":"2025-02-15T12:14:03","modified_gmt":"2025-02-15T09:14:03","slug":"kalp-krizi-geciren-polis-memuru-hayatini-kaybetti","status":"publish","type":"post","link":"https:\/\/www.egemtv.com\/?p=19106","title":{"rendered":"Kalp krizi ge\u00e7iren polis memuru hayat\u0131n\u0131 kaybetti"},"content":{"rendered":"<p>Ayd\u0131n\u2019\u0131n Efeler il\u00e7esindeki polisevinde g\u00f6revli polis memuru Mazlum Can ge\u00e7irdi\u011fi kalp krizi sonucu hayat\u0131n\u0131 kaybetti.<br \/>\n<br \/>Edinilen bilgiye g\u00f6re, polis memuru Mazlum Can sabah saatlerinde istirahatte oldu\u011fu evinde aniden rahats\u0131zland\u0131. Ailesi taraf\u0131ndan 112 Acil \u00c7a\u011fr\u0131 Merkezi\u2019ne yap\u0131lan ihbar \u00fczerine ambulansla Ayd\u0131n Atat\u00fcrk Devlet Hastanesi\u2019ne kald\u0131r\u0131ld\u0131. Kalp krizi ge\u00e7irdi\u011fi tespit edilen ve hastanede doktorlar\u0131n m\u00fcdahalede bulundu\u011fu Can, t\u00fcm \u00e7abalara ra\u011fmen kurtar\u0131lamad\u0131. Can\u2019\u0131n \u00f6l\u00fcm haberini alan ailesi ve t\u00fcm sevenleri yasa bo\u011fuldu. Ac\u0131 haber \u00fczerine Ayd\u0131n Emniyet M\u00fcd\u00fcr\u00fc Arma\u011fan Adnan Erdo\u011fan ve polis memurunun mesai arkada\u015flar\u0131 hastaneye gelerek yetkililerden bilgi ald\u0131.<br \/><\/p>\n","protected":false},"excerpt":{"rendered":"<p>Ayd\u0131n\u2019\u0131n Efeler il\u00e7esindeki polisevinde g\u00f6revli polis memuru Mazlum Can ge\u00e7irdi\u011fi kalp krizi sonucu hayat\u0131n\u0131 kaybetti. Edinilen bilgiye g\u00f6re, polis memuru Mazlum Can sabah saatlerinde istirahatte oldu\u011fu evinde aniden rahats\u0131zland\u0131. Ailesi taraf\u0131ndan 112 Acil \u00c7a\u011fr\u0131 Merkezi\u2019ne yap\u0131lan ihbar \u00fczerine ambulansla Ayd\u0131n Atat\u00fcrk Devlet Hastanesi\u2019ne kald\u0131r\u0131ld\u0131. Kalp krizi ge\u00e7irdi\u011fi tespit edilen ve hastanede doktorlar\u0131n m\u00fcdahalede bulundu\u011fu Can,&#8230;<\/p>\n","protected":false},"author":1,"featured_media":19107,"comment_status":"open","ping_status":"open","sticky":false,"template":"","format":"standard","meta":{"_crdt_document":"","footnotes":""},"categories":[5],"tags":[],"class_list":["post-19106","post","type-post","status-publish","format-standard","has-post-thumbnail","hentry","category-asayis"],"_links":{"self":[{"href":"https:\/\/www.egemtv.com\/index.php?rest_route=\/wp\/v2\/posts\/19106","targetHints":{"allow":["GET"]}}],"collection":[{"href":"https:\/\/www.egemtv.com\/index.php?rest_route=\/wp\/v2\/posts"}],"about":[{"href":"https:\/\/www.egemtv.com\/index.php?rest_route=\/wp\/v2\/types\/post"}],"author":[{"embeddable":true,"href":"https:\/\/www.egemtv.com\/index.php?rest_route=\/wp\/v2\/users\/1"}],"replies":[{"embeddable":true,"href":"https:\/\/www.egemtv.com\/index.php?rest_route=%2Fwp%2Fv2%2Fcomments&post=19106"}],"version-history":[{"count":1,"href":"https:\/\/www.egemtv.com\/index.php?rest_route=\/wp\/v2\/posts\/19106\/revisions"}],"predecessor-version":[{"id":19108,"href":"https:\/\/www.egemtv.com\/index.php?rest_route=\/wp\/v2\/posts\/19106\/revisions\/19108"}],"wp:featuredmedia":[{"embeddable":true,"href":"https:\/\/www.egemtv.com\/index.php?rest_route=\/wp\/v2\/media\/19107"}],"wp:attachment":[{"href":"https:\/\/www.egemtv.com\/index.php?rest_route=%2Fwp%2Fv2%2Fmedia&parent=19106"}],"wp:term":[{"taxonomy":"category","embeddable":true,"href":"https:\/\/www.egemtv.com\/index.php?rest_route=%2Fwp%2Fv2%2Fcategories&post=19106"},{"taxonomy":"post_tag","embeddable":true,"href":"https:\/\/www.egemtv.com\/index.php?rest_route=%2Fwp%2Fv2%2Ftags&post=19106"}],"curies":[{"name":"wp","href":"https:\/\/api.w.org\/{rel}","templated":true}]}}