{"id":19103,"date":"2025-02-15T12:03:32","date_gmt":"2025-02-15T09:03:32","guid":{"rendered":"https:\/\/www.egemtv.com\/?p=19103"},"modified":"2025-02-15T12:03:36","modified_gmt":"2025-02-15T09:03:36","slug":"kutahyada-soz-genclerde-munazara-yarismasi-finali-gerceklesti","status":"publish","type":"post","link":"https:\/\/www.egemtv.com\/?p=19103","title":{"rendered":"K\u00fctahya\u2019da &#8220;S\u00f6z Gen\u00e7lerde&#8221; M\u00fcnazara Yar\u0131\u015fmas\u0131 finali ger\u00e7ekle\u015fti"},"content":{"rendered":"<p>K\u00fctahya Belediyesi ev sahipli\u011finde, Bo\u011fazi\u00e7i \u015eehir Koleji koordinasyonunda d\u00fczenlenen &#8220;S\u00f6z Gen\u00e7lerde&#8221; isimli m\u00fcnazara yar\u0131\u015fmas\u0131n\u0131n finali, K\u00fctahya Belediyesi Konferans Salonu\u2019nda ger\u00e7ekle\u015ftirildi.<br \/>\n<br \/>Final m\u00fcsabakas\u0131 \u00f6ncesinde konu\u015fan Ba\u015fkan Vekili Ertekin, m\u00fcnazara yar\u0131\u015fmalar\u0131n\u0131n gen\u00e7lerin \u00f6zg\u00fcven kazanmas\u0131na ve tart\u0131\u015fma k\u00fclt\u00fcr\u00fcn\u00fcn geli\u015fmesine b\u00fcy\u00fck katk\u0131 sa\u011flad\u0131\u011f\u0131n\u0131 belirtti. Finale kalan \u00f6\u011frencilere ba\u015far\u0131lar dileyen Ertekin, bu t\u00fcr organizasyonlar\u0131n devam etmesi gerekti\u011fini vurgulad\u0131.<br \/>\n<br \/>Yar\u0131\u015fma sonunda \u015eehit Selim Cans\u0131z Anadolu \u0130mam Hatip Lisesi birincilik ipini g\u00f6\u011f\u00fcslerken, Necip Faz\u0131l K\u0131sak\u00fcrek Anadolu Lisesi ikinci, Ali G\u00fcral Anadolu Lisesi ise \u00fc\u00e7\u00fcnc\u00fc oldu.<br \/>\n<br \/>K\u00fctahya Belediyesi yetkilileri, yar\u0131\u015fmaya kat\u0131lan t\u00fcm gen\u00e7leri tebrik ederek ba\u015far\u0131lar\u0131n\u0131n devam\u0131n\u0131 diledi.<br \/><\/p>\n","protected":false},"excerpt":{"rendered":"<p>K\u00fctahya Belediyesi ev sahipli\u011finde, Bo\u011fazi\u00e7i \u015eehir Koleji koordinasyonunda d\u00fczenlenen &#8220;S\u00f6z Gen\u00e7lerde&#8221; isimli m\u00fcnazara yar\u0131\u015fmas\u0131n\u0131n finali, K\u00fctahya Belediyesi Konferans Salonu\u2019nda ger\u00e7ekle\u015ftirildi. Final m\u00fcsabakas\u0131 \u00f6ncesinde konu\u015fan Ba\u015fkan Vekili Ertekin, m\u00fcnazara yar\u0131\u015fmalar\u0131n\u0131n gen\u00e7lerin \u00f6zg\u00fcven kazanmas\u0131na ve tart\u0131\u015fma k\u00fclt\u00fcr\u00fcn\u00fcn geli\u015fmesine b\u00fcy\u00fck katk\u0131 sa\u011flad\u0131\u011f\u0131n\u0131 belirtti. Finale kalan \u00f6\u011frencilere ba\u015far\u0131lar dileyen Ertekin, bu t\u00fcr organizasyonlar\u0131n devam etmesi gerekti\u011fini vurgulad\u0131. Yar\u0131\u015fma sonunda&#8230;<\/p>\n","protected":false},"author":1,"featured_media":19104,"comment_status":"open","ping_status":"open","sticky":false,"template":"","format":"standard","meta":{"_crdt_document":"","footnotes":""},"categories":[1],"tags":[],"class_list":["post-19103","post","type-post","status-publish","format-standard","has-post-thumbnail","hentry","category-guncel"],"_links":{"self":[{"href":"https:\/\/www.egemtv.com\/index.php?rest_route=\/wp\/v2\/posts\/19103","targetHints":{"allow":["GET"]}}],"collection":[{"href":"https:\/\/www.egemtv.com\/index.php?rest_route=\/wp\/v2\/posts"}],"about":[{"href":"https:\/\/www.egemtv.com\/index.php?rest_route=\/wp\/v2\/types\/post"}],"author":[{"embeddable":true,"href":"https:\/\/www.egemtv.com\/index.php?rest_route=\/wp\/v2\/users\/1"}],"replies":[{"embeddable":true,"href":"https:\/\/www.egemtv.com\/index.php?rest_route=%2Fwp%2Fv2%2Fcomments&post=19103"}],"version-history":[{"count":1,"href":"https:\/\/www.egemtv.com\/index.php?rest_route=\/wp\/v2\/posts\/19103\/revisions"}],"predecessor-version":[{"id":19105,"href":"https:\/\/www.egemtv.com\/index.php?rest_route=\/wp\/v2\/posts\/19103\/revisions\/19105"}],"wp:featuredmedia":[{"embeddable":true,"href":"https:\/\/www.egemtv.com\/index.php?rest_route=\/wp\/v2\/media\/19104"}],"wp:attachment":[{"href":"https:\/\/www.egemtv.com\/index.php?rest_route=%2Fwp%2Fv2%2Fmedia&parent=19103"}],"wp:term":[{"taxonomy":"category","embeddable":true,"href":"https:\/\/www.egemtv.com\/index.php?rest_route=%2Fwp%2Fv2%2Fcategories&post=19103"},{"taxonomy":"post_tag","embeddable":true,"href":"https:\/\/www.egemtv.com\/index.php?rest_route=%2Fwp%2Fv2%2Ftags&post=19103"}],"curies":[{"name":"wp","href":"https:\/\/api.w.org\/{rel}","templated":true}]}}