{"id":19058,"date":"2025-02-15T09:37:55","date_gmt":"2025-02-15T06:37:55","guid":{"rendered":"https:\/\/www.egemtv.com\/?p=19058"},"modified":"2025-02-15T09:38:01","modified_gmt":"2025-02-15T06:38:01","slug":"komsular-suphesinde-hakli-cikti-yasli-kadin-evinde-olu-bulundu","status":"publish","type":"post","link":"https:\/\/www.egemtv.com\/?p=19058","title":{"rendered":"Kom\u015fular \u015f\u00fcphesinde hakl\u0131 \u00e7\u0131kt\u0131, ya\u015fl\u0131 kad\u0131n evinde \u00f6l\u00fc bulundu"},"content":{"rendered":"<p>Ayd\u0131n\u2019\u0131n Efeler il\u00e7esinde kom\u015fular\u0131n\u0131n kendisinden uzun s\u00fcre haber alamad\u0131klar\u0131 yaln\u0131z ya\u015fayan ya\u015fl\u0131 kad\u0131n evinde \u00f6l\u00fc olarak bulundu.<br \/>\n<br \/>Olay, Kurtulu\u015f Mahallesi 2026 sokak \u00fczerinde ak\u015fam saatlerinde meydana geldi. Edinilen bilgiye g\u00f6re, 66 ya\u015f\u0131ndaki Nurdan G\u00f6z\u00fckara\u2019dan uzun s\u00fcre haber alamayan kom\u015fular\u0131 \u015fahs\u0131n sa\u011fl\u0131k durumundan \u015f\u00fcphelenerek durumu 112 Acil \u00c7a\u011fr\u0131 Merkezi\u2019ne bildirdi. \u0130hbar \u00fczerine b\u00f6lgeye sa\u011fl\u0131k, polis ve itfaiye ekipleri sevk edildi. K\u0131sa s\u00fcrede olay yerine gelen ekipler Ayd\u0131n B\u00fcy\u00fck\u015fehir Belediyesi \u0130tfaiye Daire Ba\u015fkanl\u0131\u011f\u0131\u2019n\u0131n merdivenli arac\u0131 ile eve balkondan girdi. Evde yap\u0131lan aramalarda G\u00f6z\u00fckara hareketsiz halde bulundu. Sa\u011fl\u0131k ekipleri taraf\u0131ndan yap\u0131lan kontrollerde de G\u00f6z\u00fckara\u2019n\u0131n hayat\u0131n\u0131 kaybetti\u011fini tespit edildi. Gerekli inceleme \u00e7al\u0131\u015fmalar\u0131n\u0131n ard\u0131ndan ya\u015fl\u0131 kad\u0131n\u0131n cans\u0131z bedeni hastane morguna kald\u0131r\u0131ld\u0131.<br \/>\n<br \/>Olayla ilgili soru\u015fturma s\u00fcr\u00fcyor.<br \/><\/p>\n","protected":false},"excerpt":{"rendered":"<p>Ayd\u0131n\u2019\u0131n Efeler il\u00e7esinde kom\u015fular\u0131n\u0131n kendisinden uzun s\u00fcre haber alamad\u0131klar\u0131 yaln\u0131z ya\u015fayan ya\u015fl\u0131 kad\u0131n evinde \u00f6l\u00fc olarak bulundu. Olay, Kurtulu\u015f Mahallesi 2026 sokak \u00fczerinde ak\u015fam saatlerinde meydana geldi. Edinilen bilgiye g\u00f6re, 66 ya\u015f\u0131ndaki Nurdan G\u00f6z\u00fckara\u2019dan uzun s\u00fcre haber alamayan kom\u015fular\u0131 \u015fahs\u0131n sa\u011fl\u0131k durumundan \u015f\u00fcphelenerek durumu 112 Acil \u00c7a\u011fr\u0131 Merkezi\u2019ne bildirdi. \u0130hbar \u00fczerine b\u00f6lgeye sa\u011fl\u0131k, polis ve&#8230;<\/p>\n","protected":false},"author":1,"featured_media":19059,"comment_status":"open","ping_status":"open","sticky":false,"template":"","format":"standard","meta":{"_crdt_document":"","footnotes":""},"categories":[5],"tags":[],"class_list":["post-19058","post","type-post","status-publish","format-standard","has-post-thumbnail","hentry","category-asayis"],"_links":{"self":[{"href":"https:\/\/www.egemtv.com\/index.php?rest_route=\/wp\/v2\/posts\/19058","targetHints":{"allow":["GET"]}}],"collection":[{"href":"https:\/\/www.egemtv.com\/index.php?rest_route=\/wp\/v2\/posts"}],"about":[{"href":"https:\/\/www.egemtv.com\/index.php?rest_route=\/wp\/v2\/types\/post"}],"author":[{"embeddable":true,"href":"https:\/\/www.egemtv.com\/index.php?rest_route=\/wp\/v2\/users\/1"}],"replies":[{"embeddable":true,"href":"https:\/\/www.egemtv.com\/index.php?rest_route=%2Fwp%2Fv2%2Fcomments&post=19058"}],"version-history":[{"count":1,"href":"https:\/\/www.egemtv.com\/index.php?rest_route=\/wp\/v2\/posts\/19058\/revisions"}],"predecessor-version":[{"id":19060,"href":"https:\/\/www.egemtv.com\/index.php?rest_route=\/wp\/v2\/posts\/19058\/revisions\/19060"}],"wp:featuredmedia":[{"embeddable":true,"href":"https:\/\/www.egemtv.com\/index.php?rest_route=\/wp\/v2\/media\/19059"}],"wp:attachment":[{"href":"https:\/\/www.egemtv.com\/index.php?rest_route=%2Fwp%2Fv2%2Fmedia&parent=19058"}],"wp:term":[{"taxonomy":"category","embeddable":true,"href":"https:\/\/www.egemtv.com\/index.php?rest_route=%2Fwp%2Fv2%2Fcategories&post=19058"},{"taxonomy":"post_tag","embeddable":true,"href":"https:\/\/www.egemtv.com\/index.php?rest_route=%2Fwp%2Fv2%2Ftags&post=19058"}],"curies":[{"name":"wp","href":"https:\/\/api.w.org\/{rel}","templated":true}]}}