{"id":19055,"date":"2025-02-15T09:13:22","date_gmt":"2025-02-15T06:13:22","guid":{"rendered":"https:\/\/www.egemtv.com\/?p=19055"},"modified":"2025-02-15T09:13:26","modified_gmt":"2025-02-15T06:13:26","slug":"baskan-cercioglu-aydinlilari-pamela-ve-besen-ile-bulusturdu","status":"publish","type":"post","link":"https:\/\/www.egemtv.com\/?p=19055","title":{"rendered":"Ba\u015fkan \u00c7er\u00e7io\u011flu Ayd\u0131nl\u0131lar\u0131 Pamela ve Besen ile bulu\u015fturdu"},"content":{"rendered":"<p>Ayd\u0131n B\u00fcy\u00fck\u015fehir Belediyesi taraf\u0131ndan d\u00fczenlenen 14 \u015eubat Sevgililer G\u00fcn\u00fc konserinde Pamela ve \u00dcmit Besen \u015fark\u0131lar\u0131n\u0131 Ayd\u0131nl\u0131lar i\u00e7in seslendirdi.<\/p>\n<p>Ayd\u0131n B\u00fcy\u00fck\u015fehir Belediye Ba\u015fkan\u0131 \u00d6zlem \u00c7er\u00e7io\u011flu, vatanda\u015flar\u0131 k\u00fclt\u00fcr ve sanat etkinlikleri ile bulu\u015fturmaya devam ediyor. Bu \u00e7er\u00e7evede 14 \u015eubat Sevgililer G\u00fcn\u00fc konserinde Pamela ve \u00dcmit Besen Ayd\u0131nl\u0131lar ile bulu\u015ftu. Atat\u00fcrk Kent Meydan\u0131\u2019nda d\u00fczenlenen konserde Pamela ve \u00dcmit Besen, Ayd\u0131nl\u0131lara unutulmaz bir ak\u015fam ya\u015fatt\u0131. Konsere kat\u0131lan vatanda\u015flar, B\u00fcy\u00fck\u015fehir Belediyesi taraf\u0131ndan d\u00fczenlenen \u00fccretsiz etkinliklerden memnuniyet duyduklar\u0131n\u0131 belirterek Ba\u015fkan \u00c7er\u00e7io\u011flu\u2019na te\u015fekk\u00fcr etti.<br \/><\/p>\n","protected":false},"excerpt":{"rendered":"<p>Ayd\u0131n B\u00fcy\u00fck\u015fehir Belediyesi taraf\u0131ndan d\u00fczenlenen 14 \u015eubat Sevgililer G\u00fcn\u00fc konserinde Pamela ve \u00dcmit Besen \u015fark\u0131lar\u0131n\u0131 Ayd\u0131nl\u0131lar i\u00e7in seslendirdi. Ayd\u0131n B\u00fcy\u00fck\u015fehir Belediye Ba\u015fkan\u0131 \u00d6zlem \u00c7er\u00e7io\u011flu, vatanda\u015flar\u0131 k\u00fclt\u00fcr ve sanat etkinlikleri ile bulu\u015fturmaya devam ediyor. Bu \u00e7er\u00e7evede 14 \u015eubat Sevgililer G\u00fcn\u00fc konserinde Pamela ve \u00dcmit Besen Ayd\u0131nl\u0131lar ile bulu\u015ftu. Atat\u00fcrk Kent Meydan\u0131\u2019nda d\u00fczenlenen konserde Pamela ve \u00dcmit&#8230;<\/p>\n","protected":false},"author":1,"featured_media":19056,"comment_status":"open","ping_status":"open","sticky":false,"template":"","format":"standard","meta":{"_crdt_document":"","footnotes":""},"categories":[1],"tags":[],"class_list":["post-19055","post","type-post","status-publish","format-standard","has-post-thumbnail","hentry","category-guncel"],"_links":{"self":[{"href":"https:\/\/www.egemtv.com\/index.php?rest_route=\/wp\/v2\/posts\/19055","targetHints":{"allow":["GET"]}}],"collection":[{"href":"https:\/\/www.egemtv.com\/index.php?rest_route=\/wp\/v2\/posts"}],"about":[{"href":"https:\/\/www.egemtv.com\/index.php?rest_route=\/wp\/v2\/types\/post"}],"author":[{"embeddable":true,"href":"https:\/\/www.egemtv.com\/index.php?rest_route=\/wp\/v2\/users\/1"}],"replies":[{"embeddable":true,"href":"https:\/\/www.egemtv.com\/index.php?rest_route=%2Fwp%2Fv2%2Fcomments&post=19055"}],"version-history":[{"count":1,"href":"https:\/\/www.egemtv.com\/index.php?rest_route=\/wp\/v2\/posts\/19055\/revisions"}],"predecessor-version":[{"id":19057,"href":"https:\/\/www.egemtv.com\/index.php?rest_route=\/wp\/v2\/posts\/19055\/revisions\/19057"}],"wp:featuredmedia":[{"embeddable":true,"href":"https:\/\/www.egemtv.com\/index.php?rest_route=\/wp\/v2\/media\/19056"}],"wp:attachment":[{"href":"https:\/\/www.egemtv.com\/index.php?rest_route=%2Fwp%2Fv2%2Fmedia&parent=19055"}],"wp:term":[{"taxonomy":"category","embeddable":true,"href":"https:\/\/www.egemtv.com\/index.php?rest_route=%2Fwp%2Fv2%2Fcategories&post=19055"},{"taxonomy":"post_tag","embeddable":true,"href":"https:\/\/www.egemtv.com\/index.php?rest_route=%2Fwp%2Fv2%2Ftags&post=19055"}],"curies":[{"name":"wp","href":"https:\/\/api.w.org\/{rel}","templated":true}]}}