{"id":19052,"date":"2025-02-15T07:54:06","date_gmt":"2025-02-15T04:54:06","guid":{"rendered":"https:\/\/www.egemtv.com\/?p=19052"},"modified":"2025-02-15T07:54:10","modified_gmt":"2025-02-15T04:54:10","slug":"istanbul-denizli-ve-afyonkarahisardaki-yatirimcilara-firsat","status":"publish","type":"post","link":"https:\/\/www.egemtv.com\/?p=19052","title":{"rendered":"\u0130stanbul, Denizli ve Afyonkarahisar\u2019daki yat\u0131r\u0131mc\u0131lara f\u0131rsat"},"content":{"rendered":"<p>DEN\u0130ZL\u0130 (\u0130HA) \u2013 \u0130n\u015faat sekt\u00f6r\u00fcn\u00fcn \u00f6nemli firmalar\u0131ndan Deda Yap\u0131, Afyonkarahisar\u2019\u0131n Dazk\u0131r\u0131 il\u00e7esinde hayata ge\u00e7irdi\u011fi yeni konut projesini duyurdu. \u0130stanbul, Denizli ve Afyonkarahisar\u2019dan yat\u0131r\u0131mc\u0131lar\u0131 ve ev sahibi olmak isteyenleri hedefleyen proje &#8220;Haydi Dazk\u0131r\u0131, Haydi T\u00fcrkiye&#8221; slogan\u0131yla yola \u00e7\u0131kt\u0131.<\/p>\n<p>Deda Yap\u0131 Y\u00f6netim Kurulu Ba\u015fkan\u0131 Abdullah Deda, Dazk\u0131r\u0131\u2019da hayata ge\u00e7irdikleri yeni projeyi tan\u0131tt\u0131. &#8220;A\u015fk\u0131n, sevdan\u0131n, mutlulu\u011fun, g\u00fczelli\u011fin ya\u015fand\u0131\u011f\u0131 adres&#8221; olarak tan\u0131mlayan Deda, Dazk\u0131r\u0131 projesinin ev sahibi olmak isteyenlere b\u00fcy\u00fck cazip f\u0131rsatlar sundu\u011funa dikkat \u00e7ekti. Abdullah Deda, &#8220;Haydi Dazk\u0131r\u0131, haydi T\u00fcrkiyem benim de evim olsun, benim de bir yuvam olsun diyorsan Dazk\u0131r\u0131 projemizi ve konutlar\u0131m\u0131z\u0131 bir yak\u0131ndan tan\u0131yal\u0131m. Gezelim ara\u015ft\u0131ral\u0131m . B\u00f6yle bir sevda yok, b\u00f6yle bir g\u00fczellik yok&#8221; s\u00f6zleriyle projeye olan g\u00fcvenini dile getirdi.<\/p>\n<p>10 y\u0131l 2.48 faizle konut kredisi imkan\u0131<br \/>\n<br \/>Proje kapsam\u0131nda, 10 y\u0131l vadeli ve 2.48 faiz oran\u0131yla konut kredisi kullanma imkan\u0131 sunuluyor. Ak\u0131ll\u0131 ev teknolojileriyle donat\u0131lan konutlar, havuzlu ve asans\u00f6rl\u00fc site i\u00e7erisinde yer al\u0131yor. Ayr\u0131ca, alttan \u0131s\u0131tma sistemiyle konforlu bir ya\u015fam alan\u0131 sunuluyor.<\/p>\n<p>&#8220;Yat\u0131r\u0131mda konut \u00f6nemlidir&#8221;<br \/>\n<br \/>Deda Yap\u0131 Y\u00f6netim Kurulu Ba\u015fkan\u0131 Abdullah Deda, yat\u0131r\u0131m\u0131n \u00f6nemine de dikkat \u00e7ekerek, &#8220;Yat\u0131r\u0131mda dolar, euro, alt\u0131n hele hele faiz hi\u00e7 mi hi\u00e7 de\u011fil. Yat\u0131r\u0131mda konut \u00f6nemlidir. O y\u00fczden konut konut konut diyorum. Y\u0131llar\u0131n yat\u0131r\u0131mc\u0131s\u0131y\u0131m, y\u0131llar\u0131n yat\u0131r\u0131m uzman\u0131y\u0131m. T\u00fcm ge\u00e7mi\u015flerime bakt\u0131\u011f\u0131mda konut hep art\u0131 yapm\u0131\u015ft\u0131r. \u00c7arp\u0131 iki kat fark yapm\u0131\u015ft\u0131r. Konuta bak\u0131n. Sizin de ba\u015f\u0131n\u0131z\u0131 sokacak bir eviniz olsun. Deda Yap\u0131, Deda D\u00fc\u011f\u00fcn Salonlar\u0131, Deda \u0130n\u015faat, Deda Grup olarak biz sizinleyiz. Biz sizin i\u00e7in var\u0131z. Biz sizler i\u00e7in \u00e7al\u0131\u015f\u0131yoruz. Biz evlendirelim diye u\u011fra\u015f\u0131yoruz. Haydi dostlar\u0131m birlikte ya\u015fayal\u0131m diyorum&#8221; s\u00f6zleriyle, Dazk\u0131r\u0131\u2019da yeni bir ya\u015fam\u0131n kap\u0131lar\u0131n\u0131 aralamak isteyen herkesi projeye davet etti.<\/p>\n<p>Dazk\u0131r\u0131, Denizli ve Afyonkarahisar\u2019a olan stratejik konumuyla dikkat \u00e7ekiyor. Hem \u0130stanbul\u2019dan yat\u0131r\u0131m yapmak isteyenler hem de b\u00f6lgedeki konut aray\u0131\u015f\u0131nda olanlar i\u00e7in ka\u00e7\u0131r\u0131lmayacak bir f\u0131rsat sunuluyor.<br \/><\/p>\n","protected":false},"excerpt":{"rendered":"<p>DEN\u0130ZL\u0130 (\u0130HA) \u2013 \u0130n\u015faat sekt\u00f6r\u00fcn\u00fcn \u00f6nemli firmalar\u0131ndan Deda Yap\u0131, Afyonkarahisar\u2019\u0131n Dazk\u0131r\u0131 il\u00e7esinde hayata ge\u00e7irdi\u011fi yeni konut projesini duyurdu. \u0130stanbul, Denizli ve Afyonkarahisar\u2019dan yat\u0131r\u0131mc\u0131lar\u0131 ve ev sahibi olmak isteyenleri hedefleyen proje &#8220;Haydi Dazk\u0131r\u0131, Haydi T\u00fcrkiye&#8221; slogan\u0131yla yola \u00e7\u0131kt\u0131. Deda Yap\u0131 Y\u00f6netim Kurulu Ba\u015fkan\u0131 Abdullah Deda, Dazk\u0131r\u0131\u2019da hayata ge\u00e7irdikleri yeni projeyi tan\u0131tt\u0131. &#8220;A\u015fk\u0131n, sevdan\u0131n, mutlulu\u011fun, g\u00fczelli\u011fin ya\u015fand\u0131\u011f\u0131&#8230;<\/p>\n","protected":false},"author":1,"featured_media":19053,"comment_status":"open","ping_status":"open","sticky":false,"template":"","format":"standard","meta":{"_crdt_document":"","footnotes":""},"categories":[125],"tags":[],"class_list":["post-19052","post","type-post","status-publish","format-standard","has-post-thumbnail","hentry","category-ekonomi"],"_links":{"self":[{"href":"https:\/\/www.egemtv.com\/index.php?rest_route=\/wp\/v2\/posts\/19052","targetHints":{"allow":["GET"]}}],"collection":[{"href":"https:\/\/www.egemtv.com\/index.php?rest_route=\/wp\/v2\/posts"}],"about":[{"href":"https:\/\/www.egemtv.com\/index.php?rest_route=\/wp\/v2\/types\/post"}],"author":[{"embeddable":true,"href":"https:\/\/www.egemtv.com\/index.php?rest_route=\/wp\/v2\/users\/1"}],"replies":[{"embeddable":true,"href":"https:\/\/www.egemtv.com\/index.php?rest_route=%2Fwp%2Fv2%2Fcomments&post=19052"}],"version-history":[{"count":1,"href":"https:\/\/www.egemtv.com\/index.php?rest_route=\/wp\/v2\/posts\/19052\/revisions"}],"predecessor-version":[{"id":19054,"href":"https:\/\/www.egemtv.com\/index.php?rest_route=\/wp\/v2\/posts\/19052\/revisions\/19054"}],"wp:featuredmedia":[{"embeddable":true,"href":"https:\/\/www.egemtv.com\/index.php?rest_route=\/wp\/v2\/media\/19053"}],"wp:attachment":[{"href":"https:\/\/www.egemtv.com\/index.php?rest_route=%2Fwp%2Fv2%2Fmedia&parent=19052"}],"wp:term":[{"taxonomy":"category","embeddable":true,"href":"https:\/\/www.egemtv.com\/index.php?rest_route=%2Fwp%2Fv2%2Fcategories&post=19052"},{"taxonomy":"post_tag","embeddable":true,"href":"https:\/\/www.egemtv.com\/index.php?rest_route=%2Fwp%2Fv2%2Ftags&post=19052"}],"curies":[{"name":"wp","href":"https:\/\/api.w.org\/{rel}","templated":true}]}}