{"id":19049,"date":"2025-02-15T00:04:49","date_gmt":"2025-02-14T21:04:49","guid":{"rendered":"https:\/\/www.egemtv.com\/?p=19049"},"modified":"2025-02-15T00:04:54","modified_gmt":"2025-02-14T21:04:54","slug":"ak-parti-afyonkarahisar-milletvekili-yurdunuseven-ile-il-baskani-sahin-trafik-kazasi-gecirdi","status":"publish","type":"post","link":"https:\/\/www.egemtv.com\/?p=19049","title":{"rendered":"AK Parti Afyonkarahisar Milletvekili Yurdunuseven ile \u0130l Ba\u015fkan\u0131 \u015eahin trafik kazas\u0131 ge\u00e7irdi"},"content":{"rendered":"<p>Afyonkarahisar\u2019\u0131n Sinanpa\u015fa il\u00e7esinde otomobil ile hafif ticari arac\u0131n \u00e7arp\u0131\u015ft\u0131\u011f\u0131 kazada, aralar\u0131nda AK Parti Afyonkarahisar Milletvekili \u0130brahim Yurdunuseven ile AK Parti \u0130l Ba\u015fkan\u0131 Turgay \u015eahin\u2019in de bulundu\u011fu 6 ki\u015fi yaraland\u0131.<br \/>\n<br \/>Afyonkarahisar-Antalya karayolu T\u0131naztepe beldesi yak\u0131nlar\u0131nda s\u00fcr\u00fcc\u00fcleri ve plakalar\u0131 hen\u00fcz belirlenemeyen bir otomobil ile hafif ticari ara\u00e7 \u00e7arp\u0131\u015ft\u0131. Kazada, ara\u00e7larda bulunan AK Parti Afyonkarahisar Milletvekili Yurdunuseven ve \u0130l Ba\u015fkan\u0131 \u015eahin ile 4 ki\u015fi yaraland\u0131. \u0130hbar \u00fczerine kaza yerine sa\u011fl\u0131k, polis ve jandarma ekipleri sevk edildi. Ambulanslarla Afyonkarahisar\u2019daki hastanelere kald\u0131r\u0131lan yaral\u0131lar\u0131n hayati tehlikesinin bulunmad\u0131\u011f\u0131 \u00f6\u011frenildi. Yurdunuseven ile \u015eahin\u2019in, Sand\u0131kl\u0131 il\u00e7esindeki programdan Afyonkarahisar\u2019a d\u00f6n\u00fc\u015f yapt\u0131\u011f\u0131 belirtildi.<br \/><\/p>\n","protected":false},"excerpt":{"rendered":"<p>Afyonkarahisar\u2019\u0131n Sinanpa\u015fa il\u00e7esinde otomobil ile hafif ticari arac\u0131n \u00e7arp\u0131\u015ft\u0131\u011f\u0131 kazada, aralar\u0131nda AK Parti Afyonkarahisar Milletvekili \u0130brahim Yurdunuseven ile AK Parti \u0130l Ba\u015fkan\u0131 Turgay \u015eahin\u2019in de bulundu\u011fu 6 ki\u015fi yaraland\u0131. Afyonkarahisar-Antalya karayolu T\u0131naztepe beldesi yak\u0131nlar\u0131nda s\u00fcr\u00fcc\u00fcleri ve plakalar\u0131 hen\u00fcz belirlenemeyen bir otomobil ile hafif ticari ara\u00e7 \u00e7arp\u0131\u015ft\u0131. Kazada, ara\u00e7larda bulunan AK Parti Afyonkarahisar Milletvekili Yurdunuseven ve&#8230;<\/p>\n","protected":false},"author":1,"featured_media":19050,"comment_status":"open","ping_status":"open","sticky":false,"template":"","format":"standard","meta":{"_crdt_document":"","footnotes":""},"categories":[5],"tags":[],"class_list":["post-19049","post","type-post","status-publish","format-standard","has-post-thumbnail","hentry","category-asayis"],"_links":{"self":[{"href":"https:\/\/www.egemtv.com\/index.php?rest_route=\/wp\/v2\/posts\/19049","targetHints":{"allow":["GET"]}}],"collection":[{"href":"https:\/\/www.egemtv.com\/index.php?rest_route=\/wp\/v2\/posts"}],"about":[{"href":"https:\/\/www.egemtv.com\/index.php?rest_route=\/wp\/v2\/types\/post"}],"author":[{"embeddable":true,"href":"https:\/\/www.egemtv.com\/index.php?rest_route=\/wp\/v2\/users\/1"}],"replies":[{"embeddable":true,"href":"https:\/\/www.egemtv.com\/index.php?rest_route=%2Fwp%2Fv2%2Fcomments&post=19049"}],"version-history":[{"count":1,"href":"https:\/\/www.egemtv.com\/index.php?rest_route=\/wp\/v2\/posts\/19049\/revisions"}],"predecessor-version":[{"id":19051,"href":"https:\/\/www.egemtv.com\/index.php?rest_route=\/wp\/v2\/posts\/19049\/revisions\/19051"}],"wp:featuredmedia":[{"embeddable":true,"href":"https:\/\/www.egemtv.com\/index.php?rest_route=\/wp\/v2\/media\/19050"}],"wp:attachment":[{"href":"https:\/\/www.egemtv.com\/index.php?rest_route=%2Fwp%2Fv2%2Fmedia&parent=19049"}],"wp:term":[{"taxonomy":"category","embeddable":true,"href":"https:\/\/www.egemtv.com\/index.php?rest_route=%2Fwp%2Fv2%2Fcategories&post=19049"},{"taxonomy":"post_tag","embeddable":true,"href":"https:\/\/www.egemtv.com\/index.php?rest_route=%2Fwp%2Fv2%2Ftags&post=19049"}],"curies":[{"name":"wp","href":"https:\/\/api.w.org\/{rel}","templated":true}]}}