{"id":19046,"date":"2025-02-14T22:42:58","date_gmt":"2025-02-14T19:42:58","guid":{"rendered":"https:\/\/www.egemtv.com\/?p=19046"},"modified":"2025-02-14T22:43:04","modified_gmt":"2025-02-14T19:43:04","slug":"chp-genel-baskani-ozel-manisada-senfoni-konserine-katildi","status":"publish","type":"post","link":"https:\/\/www.egemtv.com\/?p=19046","title":{"rendered":"CHP Genel Ba\u015fkan\u0131 \u00d6zel, Manisa\u2019da senfoni konserine kat\u0131ld\u0131"},"content":{"rendered":"<p>Cumhuriyet Halk Partisi (CHP) Genel Ba\u015fkan\u0131 \u00d6zg\u00fcr \u00d6zel, Manisa B\u00fcy\u00fck\u015fehir Belediyesinin ev sahipli\u011finde Ata\u015fehir Belediyesi Gen\u00e7lik Senfoni Orkestras\u0131\u2019n\u0131n konserine kat\u0131ld\u0131.<br \/>\n<br \/>Ata\u015fehir Belediyesi Gen\u00e7lik Senfoni Orkestras\u0131, Manisa B\u00fcy\u00fck\u015fehir Belediyesinin organizasyonunda K\u00fclt\u00fcr Merkezi Lale Salonu\u2019nda Manisal\u0131lara e\u015fsiz bir m\u00fczik ziyafeti ya\u015fatt\u0131. Senfoni konserine, CHP Genel Ba\u015fkan\u0131 \u00d6zg\u00fcr \u00d6zel, milletvekilleri, il\u00e7e belediye ba\u015fkanlar\u0131, CHP\u2019li y\u00f6neticiler ve Manisal\u0131 sanatseverler kat\u0131ld\u0131. Ata\u015fehir Belediyesi Gen\u00e7lik Senfoni Orkestras\u0131, Utku Bar\u0131\u015f Anda\u00e7 \u015fefli\u011finde ger\u00e7ekle\u015ftirilen konsere Manisal\u0131lar yo\u011fun ilgi g\u00f6sterirken, sahne alan orkestra ekibi birbirinden de\u011ferli yerli ve yabanc\u0131 klasik eserleri Manisal\u0131lar\u0131n be\u011fenisine sundu.<\/p>\n<p>\u015eef Anda\u00e7\u2019tan e\u015fi Aydilge\u2019ye Sevgililer G\u00fcn\u00fc s\u00fcrprizi<br \/>\n<br \/>Orkestra \u015eefi Utku Bar\u0131\u015f Anda\u00e7, Sevgililer G\u00fcn\u00fc dolay\u0131s\u0131yla Manisa\u2019da da kendisini yaln\u0131z b\u0131rakmayan e\u015fi \u00fcnl\u00fc \u015fark\u0131c\u0131 Aydilge\u2019ye ithafen &#8220;Sen Misin \u0130lac\u0131m&#8221; \u015fark\u0131s\u0131n\u0131 senfoni orkestras\u0131 uyarlamas\u0131yla \u00e7ald\u0131. Orkestran\u0131n bu performans\u0131 m\u00fczikseverlerden tam not ald\u0131. Salonu dolduran Manisal\u0131lar, orkestran\u0131n sergiledi\u011fi performansa b\u00fcy\u00fck bir co\u015fkuyla e\u015flik etti.<\/p>\n<p>\u00d6zel\u2019den orkestraya te\u015fekk\u00fcr<br \/>\n<br \/>Konserin sonunda CHP Genel Ba\u015fkan\u0131 \u00d6zg\u00fcr \u00d6zel, Manisa B\u00fcy\u00fck\u015fehir Belediye Ba\u015fkan\u0131 Ferdi Zeyrek ve CHP Manisa \u0130l Ba\u015fkan\u0131 \u0130lksen \u00d6zalper, sahneye \u00e7\u0131karak Manisal\u0131lara e\u015fsiz klasik m\u00fczik ziyafeti ya\u015fatan orkestraya te\u015fekk\u00fcr etti. \u00d6zel, Orkestra \u015eefi Utku Bar\u0131\u015f Anda\u00e7\u2019a \u00e7i\u00e7ek takdim etti. Bir te\u015fekk\u00fcr konu\u015fmas\u0131 yapan \u00d6zel, &#8220;Ata\u015fehir Belediyesi Senfoni Orkestras\u0131n\u0131 \u00e7ok yak\u0131ndan takip ediyorum ve Onursal Ad\u0131g\u00fczel gen\u00e7 ba\u015fkan\u0131m\u0131zdan bu konseri istemi\u015ftik sa\u011f olsun \u015fefimiz bizleri k\u0131rmad\u0131, \u0130stanbul\u2019dan buraya geldiler. Bu g\u00fczel gecede bizlerle birlikte oldular. Biz bu sahnede b\u00fcy\u00fcd\u00fck. Siyasete bu sahnede ba\u015flad\u0131k, buradan ilerledik. 2006\u2019da y\u00fczde 6 oy ald\u0131\u011f\u0131m\u0131z Manisa\u2019da 2024\u2019te y\u00fczde 60 oyla Ferdi ba\u015fkan\u0131m\u0131z\u0131 se\u00e7tik. M\u00fczi\u011fin, sanat\u0131n her t\u00fcr\u00fcn\u00fc sahipleniyoruz ama Manisa\u2019n\u0131n \u00e7ok \u00f6zledi\u011fi ve \u00e7ok hak etti\u011fi senfoni konserinde gen\u00e7 arkada\u015flar\u0131m\u0131z bizimle birlikte oldu\u011fu i\u00e7in hem Onursal hem Ferdi ba\u015fkan\u0131m\u0131za hem de orkestram\u0131za \u00e7ok te\u015fekk\u00fcr ediyoruz. \u015eimdi yerimize ge\u00e7ece\u011fiz belki orkestradan bir \u015feyler daha isteyece\u011fiz. Ama orkestran\u0131n \u015fefinden \u00f6nce Manisa\u2019n\u0131n \u015fefinden bir \u015fey istememiz laz\u0131m. G\u00f6r\u00fcl\u00fcyor ki b\u00f6yle bir orkestray\u0131 a\u011f\u0131rlamak i\u00e7in bu sahne ve salon yetmiyor. Bu eksikli\u011fi bir an \u00f6nce giderelim&#8221; dedi.<br \/>\n<br \/>Manisa B\u00fcy\u00fck\u015fehir Belediye Ba\u015fkan\u0131 Ferdi Zeyrek ise, &#8220;Say\u0131n Genel Ba\u015fkan\u0131m\u0131z bu \u00f6zel g\u00fcnde e\u015fi Didem Han\u0131mla birlikte bizleri yine yaln\u0131z b\u0131rakmad\u0131. Sizler bizleri hi\u00e7 yaln\u0131z b\u0131rakmad\u0131n\u0131z. Manisa\u2019n\u0131n b\u00fcy\u00fck bir salona ihtiyac\u0131 var. \u0130n\u015fallah bu salonu yapmak da bizlere nasip olacak. Ben bu g\u00fczel g\u00fcnde kulaklar\u0131m\u0131z\u0131n pas\u0131n\u0131 silen arkada\u015flar\u0131m\u0131za \u00e7ok te\u015fekk\u00fcr ediyorum. Herkesin Sevgililer G\u00fcn\u00fc kutlu olsun&#8221; diye konu\u015ftu.<br \/>\n<br \/>Konser yo\u011fun istek \u00fczerine &#8220;\u0130zmir Mar\u015f\u0131&#8221; ile son buldu.<br \/><\/p>\n","protected":false},"excerpt":{"rendered":"<p>Cumhuriyet Halk Partisi (CHP) Genel Ba\u015fkan\u0131 \u00d6zg\u00fcr \u00d6zel, Manisa B\u00fcy\u00fck\u015fehir Belediyesinin ev sahipli\u011finde Ata\u015fehir Belediyesi Gen\u00e7lik Senfoni Orkestras\u0131\u2019n\u0131n konserine kat\u0131ld\u0131. Ata\u015fehir Belediyesi Gen\u00e7lik Senfoni Orkestras\u0131, Manisa B\u00fcy\u00fck\u015fehir Belediyesinin organizasyonunda K\u00fclt\u00fcr Merkezi Lale Salonu\u2019nda Manisal\u0131lara e\u015fsiz bir m\u00fczik ziyafeti ya\u015fatt\u0131. Senfoni konserine, CHP Genel Ba\u015fkan\u0131 \u00d6zg\u00fcr \u00d6zel, milletvekilleri, il\u00e7e belediye ba\u015fkanlar\u0131, CHP\u2019li y\u00f6neticiler ve Manisal\u0131 sanatseverler&#8230;<\/p>\n","protected":false},"author":1,"featured_media":19047,"comment_status":"open","ping_status":"open","sticky":false,"template":"","format":"standard","meta":{"_crdt_document":"","footnotes":""},"categories":[127],"tags":[],"class_list":["post-19046","post","type-post","status-publish","format-standard","has-post-thumbnail","hentry","category-siyaset"],"_links":{"self":[{"href":"https:\/\/www.egemtv.com\/index.php?rest_route=\/wp\/v2\/posts\/19046","targetHints":{"allow":["GET"]}}],"collection":[{"href":"https:\/\/www.egemtv.com\/index.php?rest_route=\/wp\/v2\/posts"}],"about":[{"href":"https:\/\/www.egemtv.com\/index.php?rest_route=\/wp\/v2\/types\/post"}],"author":[{"embeddable":true,"href":"https:\/\/www.egemtv.com\/index.php?rest_route=\/wp\/v2\/users\/1"}],"replies":[{"embeddable":true,"href":"https:\/\/www.egemtv.com\/index.php?rest_route=%2Fwp%2Fv2%2Fcomments&post=19046"}],"version-history":[{"count":1,"href":"https:\/\/www.egemtv.com\/index.php?rest_route=\/wp\/v2\/posts\/19046\/revisions"}],"predecessor-version":[{"id":19048,"href":"https:\/\/www.egemtv.com\/index.php?rest_route=\/wp\/v2\/posts\/19046\/revisions\/19048"}],"wp:featuredmedia":[{"embeddable":true,"href":"https:\/\/www.egemtv.com\/index.php?rest_route=\/wp\/v2\/media\/19047"}],"wp:attachment":[{"href":"https:\/\/www.egemtv.com\/index.php?rest_route=%2Fwp%2Fv2%2Fmedia&parent=19046"}],"wp:term":[{"taxonomy":"category","embeddable":true,"href":"https:\/\/www.egemtv.com\/index.php?rest_route=%2Fwp%2Fv2%2Fcategories&post=19046"},{"taxonomy":"post_tag","embeddable":true,"href":"https:\/\/www.egemtv.com\/index.php?rest_route=%2Fwp%2Fv2%2Ftags&post=19046"}],"curies":[{"name":"wp","href":"https:\/\/api.w.org\/{rel}","templated":true}]}}