{"id":19038,"date":"2025-02-14T21:12:31","date_gmt":"2025-02-14T18:12:31","guid":{"rendered":"https:\/\/www.egemtv.com\/?p=19038"},"modified":"2025-02-14T21:12:40","modified_gmt":"2025-02-14T18:12:40","slug":"kutahyada-merhum-sadik-ceylanin-ailesine-anlamli-ziyaret","status":"publish","type":"post","link":"https:\/\/www.egemtv.com\/?p=19038","title":{"rendered":"K\u00fctahya\u2019da merhum Sad\u0131k Ceylan\u2019\u0131n ailesine anlaml\u0131 ziyaret"},"content":{"rendered":"<p>E\u011fitim-Bir-Sen K\u00fctahya \u015eubesi, sendikan\u0131n kurucu ba\u015fkan\u0131 merhum Sad\u0131k Ceylan\u2019\u0131n ailesini ziyaret etti. Ziyarete, \u00f6nceki d\u00f6nem \u015fube ba\u015fkan\u0131 Kamil U\u00e7an ve sendika temsilcileri kat\u0131ld\u0131.<br \/>\n<br \/>Kurucu Genel Ba\u015fkan Mehmet Akif \u0130nan\u2019\u0131n \u00f6nc\u00fcl\u00fc\u011f\u00fcnde, zorluklarla dolu s\u00fcre\u00e7lerde sendikan\u0131n bayra\u011f\u0131n\u0131 K\u00fctahya\u2019da dalgaland\u0131ran merhum Sad\u0131k Ceylan\u2019\u0131n k\u0131ymetli e\u015fi M\u00fcnire Ceylan ve \u00e7ocuklar\u0131 Cahit, Cihat ve Elif Ceylan ile bir araya gelindi.<br \/>\n<br \/>Ziyaret kapsam\u0131nda, E\u011fitim-Bir-Sen Genel Merkezi taraf\u0131ndan haz\u0131rlanan &#8220;Ya\u015fayanlar\u0131n Dilinden \u0130z B\u0131rakanlar&#8221; kitab\u0131 ile E\u011fitim-Bir-Sen K\u00fctahya \u015eubesi\u2019nin 25 y\u0131ll\u0131k m\u00fccadelesini anlatan \u015eube Tarihi kitab\u0131 aileye takdim edildi.<br \/>\n<br \/>E\u011fitim-Bir-Sen\u2019in bug\u00fcn T\u00fcrkiye\u2019nin en b\u00fcy\u00fck sivil toplum kurulu\u015flar\u0131ndan biri haline geldi\u011fi vurgulanan ziyarette, sendikan\u0131n e\u011fitim \u00e7al\u0131\u015fanlar\u0131n\u0131n haklar\u0131n\u0131 savunma, anti-demokratik uygulamalara kar\u015f\u0131 durma ve toplumsal dayan\u0131\u015fma konusundaki katk\u0131lar\u0131 hat\u0131rlat\u0131ld\u0131.<br \/>\n<br \/>Sendikan\u0131n Filistin ve Do\u011fu T\u00fcrkistan ba\u015fta olmak \u00fczere mazlum co\u011frafyalardaki davalara sahip \u00e7\u0131kt\u0131\u011f\u0131, do\u011fal afetler ve kriz d\u00f6nemlerinde milletin yan\u0131nda oldu\u011fu vurguland\u0131.<br \/>\n<br \/>E\u011fitim-Bir-Sen temsilcileri, ba\u015fta merhum Sad\u0131k Ceylan olmak \u00fczere sendikan\u0131n kurulu\u015funda eme\u011fi ge\u00e7en t\u00fcm vefat eden isimlere rahmet dileyerek, Berat Kandili vesilesiyle t\u00fcm \u00fcyelerin ve \u0130slam \u00e2leminin kandilini tebrik etti.<br \/><\/p>\n","protected":false},"excerpt":{"rendered":"<p>E\u011fitim-Bir-Sen K\u00fctahya \u015eubesi, sendikan\u0131n kurucu ba\u015fkan\u0131 merhum Sad\u0131k Ceylan\u2019\u0131n ailesini ziyaret etti. Ziyarete, \u00f6nceki d\u00f6nem \u015fube ba\u015fkan\u0131 Kamil U\u00e7an ve sendika temsilcileri kat\u0131ld\u0131. Kurucu Genel Ba\u015fkan Mehmet Akif \u0130nan\u2019\u0131n \u00f6nc\u00fcl\u00fc\u011f\u00fcnde, zorluklarla dolu s\u00fcre\u00e7lerde sendikan\u0131n bayra\u011f\u0131n\u0131 K\u00fctahya\u2019da dalgaland\u0131ran merhum Sad\u0131k Ceylan\u2019\u0131n k\u0131ymetli e\u015fi M\u00fcnire Ceylan ve \u00e7ocuklar\u0131 Cahit, Cihat ve Elif Ceylan ile bir araya gelindi&#8230;.<\/p>\n","protected":false},"author":1,"featured_media":19040,"comment_status":"open","ping_status":"open","sticky":false,"template":"","format":"standard","meta":{"_crdt_document":"","footnotes":""},"categories":[123],"tags":[],"class_list":["post-19038","post","type-post","status-publish","format-standard","has-post-thumbnail","hentry","category-gundem"],"_links":{"self":[{"href":"https:\/\/www.egemtv.com\/index.php?rest_route=\/wp\/v2\/posts\/19038","targetHints":{"allow":["GET"]}}],"collection":[{"href":"https:\/\/www.egemtv.com\/index.php?rest_route=\/wp\/v2\/posts"}],"about":[{"href":"https:\/\/www.egemtv.com\/index.php?rest_route=\/wp\/v2\/types\/post"}],"author":[{"embeddable":true,"href":"https:\/\/www.egemtv.com\/index.php?rest_route=\/wp\/v2\/users\/1"}],"replies":[{"embeddable":true,"href":"https:\/\/www.egemtv.com\/index.php?rest_route=%2Fwp%2Fv2%2Fcomments&post=19038"}],"version-history":[{"count":1,"href":"https:\/\/www.egemtv.com\/index.php?rest_route=\/wp\/v2\/posts\/19038\/revisions"}],"predecessor-version":[{"id":19042,"href":"https:\/\/www.egemtv.com\/index.php?rest_route=\/wp\/v2\/posts\/19038\/revisions\/19042"}],"wp:featuredmedia":[{"embeddable":true,"href":"https:\/\/www.egemtv.com\/index.php?rest_route=\/wp\/v2\/media\/19040"}],"wp:attachment":[{"href":"https:\/\/www.egemtv.com\/index.php?rest_route=%2Fwp%2Fv2%2Fmedia&parent=19038"}],"wp:term":[{"taxonomy":"category","embeddable":true,"href":"https:\/\/www.egemtv.com\/index.php?rest_route=%2Fwp%2Fv2%2Fcategories&post=19038"},{"taxonomy":"post_tag","embeddable":true,"href":"https:\/\/www.egemtv.com\/index.php?rest_route=%2Fwp%2Fv2%2Ftags&post=19038"}],"curies":[{"name":"wp","href":"https:\/\/api.w.org\/{rel}","templated":true}]}}