{"id":19034,"date":"2025-02-14T21:04:14","date_gmt":"2025-02-14T18:04:14","guid":{"rendered":"https:\/\/www.egemtv.com\/?p=19034"},"modified":"2025-02-14T21:04:20","modified_gmt":"2025-02-14T18:04:20","slug":"mugladaki-saban-atas-cinayetinde-saniklar-hakim-karsisina-cikti","status":"publish","type":"post","link":"https:\/\/www.egemtv.com\/?p=19034","title":{"rendered":"Mu\u011fla\u2019daki \u015eaban Ata\u015f cinayetinde san\u0131klar hakim kar\u015f\u0131s\u0131na \u00e7\u0131kt\u0131"},"content":{"rendered":"<p>Mu\u011fla\u2019n\u0131n Seydikemer il\u00e7esinde kaybolduktan 56 g\u00fcn sonra cans\u0131z bedeni bulunan \u015eaban Ata\u015f cinayetiyle ilgili dava, Fethiye 3. A\u011f\u0131r Ceza Mahkemesi\u2019nde ba\u015flad\u0131. Cinayetle su\u00e7lanan \u015eaban Ata\u015f\u2019\u0131n eski e\u015fi ve arkada\u015f\u0131 mahkemede olay\u0131n detaylar\u0131n\u0131 anlatt\u0131.<br \/>\n<br \/>Cinayete ili\u015fkin haz\u0131rlanan iddianamede, tutuklu san\u0131klar \u00f6ld\u00fcr\u00fclen \u015eaban Ata\u015f\u2019\u0131n (52) eski e\u015fi Emine Karabulut (44), o\u011flu Mert Ata\u015f (23) ve Burhanettin \u00d6zt\u00fcrk (46) ile adli kontrol \u015fart\u0131yla serbest b\u0131rak\u0131lan Emine Karabulut\u2019un annesi Durkad\u0131n Karabulut (85) hakk\u0131nda \u2019Tasarlayarak kasten \u00f6ld\u00fcrme\u2019 su\u00e7undan a\u011f\u0131rla\u015ft\u0131r\u0131lm\u0131\u015f m\u00fcebbet hapis cezas\u0131 talep edildi.<br \/>\n<br \/>Davan\u0131n ilk duru\u015fmas\u0131na tutuklu san\u0131klar Burhanettin \u00d6zt\u00fcrk ve Mert Ata\u015f, SEGB\u0130S arac\u0131l\u0131\u011f\u0131yla kat\u0131l\u0131rken, tutuklu san\u0131k Emine Karabulut, adli kontrol \u015fart\u0131 ile serbest kalan Durkad\u0131n Karabulut, \u015eaban Ata\u015f\u2019\u0131n o\u011flu Mehmet Ata\u015f, Fethiye 3. A\u011f\u0131r Ceza Mahkemesi\u2019nde haz\u0131r bulundu.<\/p>\n<p>Cinayetin detaylar\u0131 mahkemede anlat\u0131ld\u0131<br \/>\n<br \/>Emine Karabulut, mahkemede verdi\u011fi ifadede 2010 y\u0131l\u0131nda bo\u015fand\u0131\u011f\u0131 \u015eaban Ata\u015f ile ayn\u0131 evde ya\u015famaya devam etti\u011fini ve Burhanettin \u00d6zt\u00fcrk ile 2006 y\u0131l\u0131ndan bu yana ili\u015fkisinin oldu\u011funu s\u00f6yledi. En k\u00fc\u00e7\u00fck o\u011flunun Burhanettin \u00d6zt\u00fcrk\u2019ten oldu\u011funu belirten Karabulut, &#8220;Olay g\u00fcn\u00fc ben, annem Durkad\u0131n, Mert vard\u0131. Burhanettin 8 gibi geldi. \u015eaban\u2019la bir yere gideceklerdi. \u015eaban\u2019\u0131 uyand\u0131r dedi. Evimiz dubleks, a\u015fa\u011f\u0131da mutfak \u00fcstte yatak odalar\u0131 var. Kahvalt\u0131ya oturduk. Kahvalt\u0131da annem, Burhanettin, \u015eaban vard\u0131. Wifi konusunda tart\u0131\u015fma ya\u015fand\u0131. Ben kablo aramaya gittim. O arada Burhanettin\u2019in sesini duydum. A\u015fa\u011f\u0131 indi\u011fimde \u015eaban\u2019a bir \u015fey vurulmu\u015f. Diz \u00fcst\u00fcnde duruyordu. Kan yoktu. Burhan, yukar\u0131da yatan o\u011flum Mert\u2019i \u00e7a\u011f\u0131rmam\u0131 istedi. Mert\u2019i \u00e7a\u011f\u0131rmaya gittim uyanmad\u0131. Yeniden a\u015fa\u011f\u0131 indi\u011fimde Burhanettin \u015eaban\u2019\u0131n boynuna ip dolam\u0131\u015f s\u0131k\u0131yordu. Burhanettin\u2019i ittirdim, ne yap\u0131yorsun dedim. O da beni ittirdi. Tekrar yukar\u0131 \u00e7\u0131k\u0131p Mert\u2019i \u00e7a\u011f\u0131rd\u0131m. A\u015fa\u011f\u0131ya indik. Mert, Burhanettin\u2019in \u00fcst\u00fcne y\u00fcr\u00fcd\u00fc. Onu da ittirdi. Burhanettin, \u015eaban\u2019\u0131n ceplerini bo\u015faltmam\u0131 istedi. Sigara, telefon, para, anahtarlar\u0131 ald\u0131m. Cesedi hal\u0131 \u00f6rt\u00fcs\u00fcne sard\u0131k. Ben, Mert ve Burhanettin depoya indirdik. Mert ta\u015f\u0131mak istemedi ona bask\u0131 uygulad\u0131&#8221; ifadelerini kulland\u0131.<br \/>\n<br \/>\u015eaban\u2019\u0131n telefonu arac\u0131l\u0131\u011f\u0131 ile onun hesab\u0131ndan kendisine 36 bin TL g\u00f6nderdi\u011fini de itiraf eden Karabulut, cesedi atma konusunda ise, &#8220;Seki\u2019ye e\u015fya g\u00f6t\u00fcrecektik. Cesedi Mert, ben ve Burhanettin koyduk. Daha sonra Mert ve annem araca binmek istemedi. Bask\u0131 uygulayarak araca bindirdi. Seki\u2019ye giderken Burhanettin\u2019in belirledi\u011fi yere cesedi b\u0131rakt\u0131k. \u00dcst\u00fcn\u00fc \u00f6rtmedi. Seki\u2019ye gittik. Di\u011fer e\u015fyalar\u0131 b\u0131rakt\u0131k. Gece 04.30\u2019da cesedin yan\u0131na gittik ve Burhanettin \u00e7apa ile cesedin \u00fczerini \u00f6rtt\u00fc&#8221; dedi.<br \/>\n<br \/>Karabulut daha sonra 2 o\u011flu ile birlikte giderek kay\u0131p ihbar\u0131nda bulunduklar\u0131n\u0131 s\u00f6yleyip, korktuklar\u0131 i\u00e7in ise olay\u0131 polise anlatamad\u0131klar\u0131n\u0131 belirtti.<\/p>\n<p>&#8220;Korktu\u011fum i\u00e7in sessiz kald\u0131m&#8221;<br \/>\n<br \/>San\u0131k Mert Ata\u015f ise ifadesinde, cinayetin i\u015flendi\u011fi g\u00fcn a\u015fa\u011f\u0131 indi\u011finde, &#8220;Babam\u0131n elleri arkadan ba\u011fl\u0131yd\u0131, bo\u011faz\u0131nda ip vard\u0131. Hareketsizdi. Evden \u00e7\u0131kar\u0131l\u0131rken yard\u0131m etmek zorunda kald\u0131m. Emniyete gidip her \u015feyi anlatmak istedim ama Burhanettin\u2019ten annem ve karde\u015flerime zarar gelir diye korktum&#8221; dedi.<\/p>\n<p>&#8220;Korkudan m\u00fcdahale edemedim&#8221;<br \/>\n<br \/>San\u0131klardan Durkad\u0131n Karabulut ise, &#8220;Ben cinayeti g\u00f6rd\u00fcm. Burhanettin \u00f6nce \u015eaban\u2019a sopayla vurdu, sonra cebinden \u00e7\u0131kard\u0131\u011f\u0131 iple bo\u011farak \u00f6ld\u00fcrd\u00fc. Ba\u011f\u0131rsayd\u0131m beni de \u00f6ld\u00fcr\u00fcrd\u00fc diye korktum, bir \u015fey yapamad\u0131m&#8221; \u015feklinde konu\u015ftu.<\/p>\n<p>Burhanettin \u00d6zt\u00fcrk su\u00e7lamalar\u0131 reddetti<br \/>\n<br \/>San\u0131k Burhanettin \u00d6zt\u00fcrk ise cinayetle bir ilgisi olmad\u0131\u011f\u0131n\u0131 savunarak, &#8220;Emine ile 2006 y\u0131l\u0131ndan beri ili\u015fkimiz var. Olay g\u00fcn\u00fc onlar kahvalt\u0131 yaparken evde 2 bardak \u00e7ay i\u00e7tim. Sonra ben evden ayr\u0131ld\u0131m&#8221; dedi. Emine ile olan ili\u015fkileri hakk\u0131nda detaylar da anlatan \u00d6zt\u00fcrk, &#8220;Bana en k\u00fc\u00e7\u00fck o\u011flan H.A\u2019n\u0131n benden oldu\u011funu s\u00f6yl\u00fcyordu. Ben DNA falan yapt\u0131rmad\u0131m. O y\u00fczden s\u00fcrekli yard\u0131mc\u0131 oluyordum. S\u00fcrekli gelip gidiyordum&#8221; ifadelerini kulland\u0131.<br \/>\n<br \/>Seki\u2019ye gidilmesi konusunda da bilgiler veren \u00d6zt\u00fcrk, &#8220;Seki\u2019ye e\u015fya g\u00f6t\u00fcr\u00fclecekti, Seki\u2019ye e\u015fya ta\u015f\u0131d\u0131k. Yolda bir kez market i\u00e7in durduk ba\u015fka durmad\u0131k. Ceset g\u00f6rmedim. Cinayet ile hi\u00e7bir alakam yok. Bana iftira at\u0131l\u0131yor&#8221; dedi.<br \/>\n<br \/>Mahkeme, Emine Karabulut, Mert Ata\u015f, Burhanettin \u00d6zt\u00fcrk\u2019\u00fcn tutukluluk hallerinin, Durkad\u0131n Karabulut\u2019un adli kontrol \u015fart\u0131n\u0131n devam\u0131na karar vererek duru\u015fmay\u0131 ileri bir tarihe erteledi.<br \/><\/p>\n","protected":false},"excerpt":{"rendered":"<p>Mu\u011fla\u2019n\u0131n Seydikemer il\u00e7esinde kaybolduktan 56 g\u00fcn sonra cans\u0131z bedeni bulunan \u015eaban Ata\u015f cinayetiyle ilgili dava, Fethiye 3. A\u011f\u0131r Ceza Mahkemesi\u2019nde ba\u015flad\u0131. Cinayetle su\u00e7lanan \u015eaban Ata\u015f\u2019\u0131n eski e\u015fi ve arkada\u015f\u0131 mahkemede olay\u0131n detaylar\u0131n\u0131 anlatt\u0131. Cinayete ili\u015fkin haz\u0131rlanan iddianamede, tutuklu san\u0131klar \u00f6ld\u00fcr\u00fclen \u015eaban Ata\u015f\u2019\u0131n (52) eski e\u015fi Emine Karabulut (44), o\u011flu Mert Ata\u015f (23) ve Burhanettin \u00d6zt\u00fcrk&#8230;<\/p>\n","protected":false},"author":1,"featured_media":19035,"comment_status":"open","ping_status":"open","sticky":false,"template":"","format":"standard","meta":{"_crdt_document":"","footnotes":""},"categories":[5],"tags":[],"class_list":["post-19034","post","type-post","status-publish","format-standard","has-post-thumbnail","hentry","category-asayis"],"_links":{"self":[{"href":"https:\/\/www.egemtv.com\/index.php?rest_route=\/wp\/v2\/posts\/19034","targetHints":{"allow":["GET"]}}],"collection":[{"href":"https:\/\/www.egemtv.com\/index.php?rest_route=\/wp\/v2\/posts"}],"about":[{"href":"https:\/\/www.egemtv.com\/index.php?rest_route=\/wp\/v2\/types\/post"}],"author":[{"embeddable":true,"href":"https:\/\/www.egemtv.com\/index.php?rest_route=\/wp\/v2\/users\/1"}],"replies":[{"embeddable":true,"href":"https:\/\/www.egemtv.com\/index.php?rest_route=%2Fwp%2Fv2%2Fcomments&post=19034"}],"version-history":[{"count":1,"href":"https:\/\/www.egemtv.com\/index.php?rest_route=\/wp\/v2\/posts\/19034\/revisions"}],"predecessor-version":[{"id":19036,"href":"https:\/\/www.egemtv.com\/index.php?rest_route=\/wp\/v2\/posts\/19034\/revisions\/19036"}],"wp:featuredmedia":[{"embeddable":true,"href":"https:\/\/www.egemtv.com\/index.php?rest_route=\/wp\/v2\/media\/19035"}],"wp:attachment":[{"href":"https:\/\/www.egemtv.com\/index.php?rest_route=%2Fwp%2Fv2%2Fmedia&parent=19034"}],"wp:term":[{"taxonomy":"category","embeddable":true,"href":"https:\/\/www.egemtv.com\/index.php?rest_route=%2Fwp%2Fv2%2Fcategories&post=19034"},{"taxonomy":"post_tag","embeddable":true,"href":"https:\/\/www.egemtv.com\/index.php?rest_route=%2Fwp%2Fv2%2Ftags&post=19034"}],"curies":[{"name":"wp","href":"https:\/\/api.w.org\/{rel}","templated":true}]}}