{"id":19031,"date":"2025-02-14T20:35:40","date_gmt":"2025-02-14T17:35:40","guid":{"rendered":"https:\/\/www.egemtv.com\/?p=19031"},"modified":"2025-02-14T20:35:46","modified_gmt":"2025-02-14T17:35:46","slug":"ak-parti-kutahya-milletvekilleri-kent-konseyi-kultur-ve-sanat-merkezini-ziyaret-etti","status":"publish","type":"post","link":"https:\/\/www.egemtv.com\/?p=19031","title":{"rendered":"AK Parti K\u00fctahya milletvekilleri, Kent Konseyi K\u00fclt\u00fcr ve Sanat Merkezi\u2019ni ziyaret etti"},"content":{"rendered":"<p>AK Parti K\u00fctahya milletvekilleri \u0130smail \u00c7a\u011flar Bay\u0131rc\u0131 ve Mehmet Demir, Kent Konseyi K\u00fclt\u00fcr ve Sanat Merkezi\u2019ni ziyaret ederek sanat\u00e7\u0131larla bir araya geldi.<br \/>\n<br \/>Merkezde, ressam Sebahat Sar\u0131o\u011flu ve sara\u00e7lar taraf\u0131ndan kar\u015f\u0131lanan milletvekillerine, kuzine \u00fczerinde pi\u015firilen kestane ikram edildi. Ziyaret s\u0131ras\u0131nda Sar\u0131o\u011flu, K\u00fctahyal\u0131 sanat\u00e7\u0131lar\u0131n T\u00fcrkiye B\u00fcy\u00fck Millet Meclisi\u2019nde (TBMM) eserlerini sergilemeleri halinde kentin tan\u0131t\u0131m\u0131na b\u00fcy\u00fck katk\u0131 sa\u011flayaca\u011f\u0131n\u0131 belirterek, bu konuda milletvekillerinden destek talep etti.<br \/>\n<br \/>Milletvekilleri Demir ve Bay\u0131rc\u0131, bu iste\u011fi TBMM g\u00fcndemine ta\u015f\u0131mak i\u00e7in \u00f6n \u00e7al\u0131\u015fma yapacaklar\u0131n\u0131 ifade etti. Ziyaret kapsam\u0131nda sanat\u00e7\u0131larla tek tek tan\u0131\u015fan milletvekilleri, Meclis\u2019te y\u00fcr\u00fctt\u00fckleri \u00e7al\u0131\u015fmalar hakk\u0131nda bilgi verdi.<br \/>\n<br \/>Milletvekili \u0130smail \u00c7a\u011flar Bay\u0131rc\u0131, K\u00fctahya\u2019n\u0131n sanat ve sanat\u00e7\u0131 \u015fehri oldu\u011funu vurgulayarak, &#8220;K\u00fctahyam\u0131z adeta bir sanat \u015fehri. Bizler 20 ayd\u0131r vekillik g\u00f6revimizi s\u00fcrd\u00fcr\u00fcyoruz ve K\u00fctahya i\u00e7in gece g\u00fcnd\u00fcz \u00e7al\u0131\u015f\u0131yoruz. Her zaman sanat\u00e7\u0131lar\u0131m\u0131z\u0131n yan\u0131nday\u0131z&#8221; dedi.<br \/>\n<br \/>Milletvekili Mehmet Demir ise, sanat\u00e7\u0131lar\u0131n kenti ba\u015far\u0131yla temsil etti\u011fini belirterek, &#8220;Sizler K\u00fctahya\u2019n\u0131n ad\u0131n\u0131 yapt\u0131\u011f\u0131n\u0131z birbirinden g\u00fczel eserlerle duyuruyorsunuz. Her \u00e7al\u0131\u015fman\u0131zda b\u00fcy\u00fck emek ve \u00f6zveri var. Biz milletvekilleri olarak her zaman yan\u0131n\u0131zday\u0131z ve destek\u00e7iniziz. Ayr\u0131ca, eserlerinizin sergilenece\u011fi bir salon i\u00e7in yeni m\u00fcze binas\u0131nda yer tahsisi konusunda valimiz ile g\u00f6r\u00fc\u015fme yapaca\u011f\u0131m&#8221; diye konu\u015ftu.<br \/>\n<br \/>Ziyarette, AK Parti K\u00fctahya Merkez \u0130l\u00e7e Ba\u015fkan\u0131 Murat Av\u015far\u00fcnal, Ye\u015filay Derne\u011fi K\u00fctahya \u015eubesi Onursal Ba\u015fkan\u0131 Nuri \u00c7etin ve AK Parti K\u00fctahya \u0130l Y\u00f6netim Kurulu \u00fcyesi H\u00fcseyin Efe de haz\u0131r bulunurken, Ba\u015fkan Sar\u0131o\u011flu milletvekillerine desteklerinden dolay\u0131 te\u015fekk\u00fcr etti.<br \/><\/p>\n","protected":false},"excerpt":{"rendered":"<p>AK Parti K\u00fctahya milletvekilleri \u0130smail \u00c7a\u011flar Bay\u0131rc\u0131 ve Mehmet Demir, Kent Konseyi K\u00fclt\u00fcr ve Sanat Merkezi\u2019ni ziyaret ederek sanat\u00e7\u0131larla bir araya geldi. Merkezde, ressam Sebahat Sar\u0131o\u011flu ve sara\u00e7lar taraf\u0131ndan kar\u015f\u0131lanan milletvekillerine, kuzine \u00fczerinde pi\u015firilen kestane ikram edildi. Ziyaret s\u0131ras\u0131nda Sar\u0131o\u011flu, K\u00fctahyal\u0131 sanat\u00e7\u0131lar\u0131n T\u00fcrkiye B\u00fcy\u00fck Millet Meclisi\u2019nde (TBMM) eserlerini sergilemeleri halinde kentin tan\u0131t\u0131m\u0131na b\u00fcy\u00fck katk\u0131 sa\u011flayaca\u011f\u0131n\u0131&#8230;<\/p>\n","protected":false},"author":1,"featured_media":19032,"comment_status":"open","ping_status":"open","sticky":false,"template":"","format":"standard","meta":{"_crdt_document":"","footnotes":""},"categories":[1],"tags":[],"class_list":["post-19031","post","type-post","status-publish","format-standard","has-post-thumbnail","hentry","category-guncel"],"_links":{"self":[{"href":"https:\/\/www.egemtv.com\/index.php?rest_route=\/wp\/v2\/posts\/19031","targetHints":{"allow":["GET"]}}],"collection":[{"href":"https:\/\/www.egemtv.com\/index.php?rest_route=\/wp\/v2\/posts"}],"about":[{"href":"https:\/\/www.egemtv.com\/index.php?rest_route=\/wp\/v2\/types\/post"}],"author":[{"embeddable":true,"href":"https:\/\/www.egemtv.com\/index.php?rest_route=\/wp\/v2\/users\/1"}],"replies":[{"embeddable":true,"href":"https:\/\/www.egemtv.com\/index.php?rest_route=%2Fwp%2Fv2%2Fcomments&post=19031"}],"version-history":[{"count":1,"href":"https:\/\/www.egemtv.com\/index.php?rest_route=\/wp\/v2\/posts\/19031\/revisions"}],"predecessor-version":[{"id":19033,"href":"https:\/\/www.egemtv.com\/index.php?rest_route=\/wp\/v2\/posts\/19031\/revisions\/19033"}],"wp:featuredmedia":[{"embeddable":true,"href":"https:\/\/www.egemtv.com\/index.php?rest_route=\/wp\/v2\/media\/19032"}],"wp:attachment":[{"href":"https:\/\/www.egemtv.com\/index.php?rest_route=%2Fwp%2Fv2%2Fmedia&parent=19031"}],"wp:term":[{"taxonomy":"category","embeddable":true,"href":"https:\/\/www.egemtv.com\/index.php?rest_route=%2Fwp%2Fv2%2Fcategories&post=19031"},{"taxonomy":"post_tag","embeddable":true,"href":"https:\/\/www.egemtv.com\/index.php?rest_route=%2Fwp%2Fv2%2Ftags&post=19031"}],"curies":[{"name":"wp","href":"https:\/\/api.w.org\/{rel}","templated":true}]}}