{"id":19025,"date":"2025-02-14T19:43:52","date_gmt":"2025-02-14T16:43:52","guid":{"rendered":"https:\/\/www.egemtv.com\/?p=19025"},"modified":"2025-02-14T19:43:57","modified_gmt":"2025-02-14T16:43:57","slug":"efelerde-sarkilar-sevgililer-icin-soylendi","status":"publish","type":"post","link":"https:\/\/www.egemtv.com\/?p=19025","title":{"rendered":"Efeler\u2019de \u015fark\u0131lar, sevgililer i\u00e7in s\u00f6ylendi"},"content":{"rendered":"<p>Ayd\u0131n\u2019\u0131n Efeler il\u00e7esinde Sevgililer G\u00fcn\u00fc\u2019ne \u00f6zel d\u00fczenlenen etkinlikte e\u015fi Ye\u015fim Yeti\u015fkin ile dans eden Efeler Belediye Ba\u015fkan\u0131 An\u0131l Yeti\u015fkin vatanda\u015flara \u00f6rnek olurken, Efelerli vatanda\u015flar da \u015fark\u0131larla dans etti.<\/p>\n<p>Efeler Belediyesi, 14 \u015eubat Sevgililer G\u00fcn\u00fc\u2019nde \u00e7iftleri anlaml\u0131 bir etkinlikte bir araya getirirken, kentin en i\u015flek yerlerinden biri olan Sevgi Yolu, a\u015fk\u0131n ve m\u00fczi\u011fin bulu\u015fma noktas\u0131 oldu. Efeler Belediyesi Kent Orkestras\u0131, en g\u00fczel a\u015fk \u015fark\u0131lar\u0131n\u0131 seslendirirken, kat\u0131l\u0131mc\u0131lar m\u00fczi\u011fin ritmiyle dans etti. Efeler Belediyesi taraf\u0131ndan ger\u00e7ekle\u015ftirilen etkinlik kapsam\u0131nda Sevgi Yolu, Sevgililer G\u00fcn\u00fc\u2019ne \u00f6zel s\u00fcslemelerle donat\u0131l\u0131rken, havadan b\u0131rak\u0131lan balonlar da etkinli\u011fe renk katt\u0131.<\/p>\n<p>Ba\u015fkan Yeti\u015fkin \u00f6rnek oldu, \u00e7iftler a\u015fk \u015fark\u0131lar\u0131yla dans etti<br \/>\n<br \/>Etkinli\u011fe kat\u0131lan Efeler Belediye Ba\u015fkan\u0131 An\u0131l Yeti\u015fkin ise e\u015fi Ye\u015fim Yeti\u015fkin ile dans ederek vatanda\u015flara \u00f6rnek oldu. Birbirinden g\u00fczel a\u015fk \u015fark\u0131lar\u0131n\u0131n seslendirildi\u011fi etkinlikte m\u00fczi\u011fin ritmine kap\u0131lan \u00e7iftler Sevgi Yolu\u2019nda dan etti. \u00c7iftlerin mutlulu\u011funa ortak olan Ba\u015fkan Yeti\u015fkin, sevginin ve birlikteli\u011fin Efeler\u2019de her zaman ya\u015fayaca\u011f\u0131n\u0131 vurgulad\u0131.<\/p>\n<p>Yediden yetmi\u015fe herkesin ilgiyle takip etti\u011fi etkinlikte ikram edilen \u2018amor amor\u2019 adl\u0131 kokteyl ve a\u015fk temal\u0131 ikramlar da b\u00fcy\u00fck ilgi g\u00f6rd\u00fc. Vatanda\u015flar, b\u00f6ylesine anlaml\u0131 ve keyifli bir organizasyonu hayata ge\u00e7irdi\u011fi i\u00e7in Ba\u015fkan An\u0131l Yeti\u015fkin\u2019e te\u015fekk\u00fcr etti.<br \/><\/p>\n","protected":false},"excerpt":{"rendered":"<p>Ayd\u0131n\u2019\u0131n Efeler il\u00e7esinde Sevgililer G\u00fcn\u00fc\u2019ne \u00f6zel d\u00fczenlenen etkinlikte e\u015fi Ye\u015fim Yeti\u015fkin ile dans eden Efeler Belediye Ba\u015fkan\u0131 An\u0131l Yeti\u015fkin vatanda\u015flara \u00f6rnek olurken, Efelerli vatanda\u015flar da \u015fark\u0131larla dans etti. Efeler Belediyesi, 14 \u015eubat Sevgililer G\u00fcn\u00fc\u2019nde \u00e7iftleri anlaml\u0131 bir etkinlikte bir araya getirirken, kentin en i\u015flek yerlerinden biri olan Sevgi Yolu, a\u015fk\u0131n ve m\u00fczi\u011fin bulu\u015fma noktas\u0131 oldu&#8230;.<\/p>\n","protected":false},"author":1,"featured_media":19026,"comment_status":"open","ping_status":"open","sticky":false,"template":"","format":"standard","meta":{"_crdt_document":"","footnotes":""},"categories":[1],"tags":[],"class_list":["post-19025","post","type-post","status-publish","format-standard","has-post-thumbnail","hentry","category-guncel"],"_links":{"self":[{"href":"https:\/\/www.egemtv.com\/index.php?rest_route=\/wp\/v2\/posts\/19025","targetHints":{"allow":["GET"]}}],"collection":[{"href":"https:\/\/www.egemtv.com\/index.php?rest_route=\/wp\/v2\/posts"}],"about":[{"href":"https:\/\/www.egemtv.com\/index.php?rest_route=\/wp\/v2\/types\/post"}],"author":[{"embeddable":true,"href":"https:\/\/www.egemtv.com\/index.php?rest_route=\/wp\/v2\/users\/1"}],"replies":[{"embeddable":true,"href":"https:\/\/www.egemtv.com\/index.php?rest_route=%2Fwp%2Fv2%2Fcomments&post=19025"}],"version-history":[{"count":1,"href":"https:\/\/www.egemtv.com\/index.php?rest_route=\/wp\/v2\/posts\/19025\/revisions"}],"predecessor-version":[{"id":19027,"href":"https:\/\/www.egemtv.com\/index.php?rest_route=\/wp\/v2\/posts\/19025\/revisions\/19027"}],"wp:featuredmedia":[{"embeddable":true,"href":"https:\/\/www.egemtv.com\/index.php?rest_route=\/wp\/v2\/media\/19026"}],"wp:attachment":[{"href":"https:\/\/www.egemtv.com\/index.php?rest_route=%2Fwp%2Fv2%2Fmedia&parent=19025"}],"wp:term":[{"taxonomy":"category","embeddable":true,"href":"https:\/\/www.egemtv.com\/index.php?rest_route=%2Fwp%2Fv2%2Fcategories&post=19025"},{"taxonomy":"post_tag","embeddable":true,"href":"https:\/\/www.egemtv.com\/index.php?rest_route=%2Fwp%2Fv2%2Ftags&post=19025"}],"curies":[{"name":"wp","href":"https:\/\/api.w.org\/{rel}","templated":true}]}}