{"id":19019,"date":"2025-02-14T19:27:33","date_gmt":"2025-02-14T16:27:33","guid":{"rendered":"https:\/\/www.egemtv.com\/?p=19019"},"modified":"2025-02-14T19:27:38","modified_gmt":"2025-02-14T16:27:38","slug":"uyusturucu-saticisi-carsida-yakalandi","status":"publish","type":"post","link":"https:\/\/www.egemtv.com\/?p=19019","title":{"rendered":"Uyu\u015fturucu sat\u0131c\u0131s\u0131 \u00e7ar\u015f\u0131da yakaland\u0131"},"content":{"rendered":"<p>\u0130zmir\u2019in Kar\u015f\u0131yaka il\u00e7esinde \u00e7ar\u015f\u0131da \u015f\u00fcphe \u00fczerinde durdurulan bir ki\u015fi kesinle\u015fmi\u015f hapis cezas\u0131 ile aranan uyu\u015fturucu sat\u0131c\u0131s\u0131 \u00e7\u0131kt\u0131. \u015eah\u0131s, polis ekiplerince g\u00f6zalt\u0131na al\u0131nd\u0131.<br \/>\n<br \/>Kar\u015f\u0131yaka \u0130l\u00e7e Emniyet M\u00fcd\u00fcrl\u00fc\u011f\u00fcne ba\u011fl\u0131 Devriye Ekipler B\u00fcro Amirli\u011fi ekipleri, Kar\u015f\u0131yaka \u00c7ar\u015f\u0131s\u0131\u2019nda \u015f\u00fcphe \u00fczerine bir ki\u015fiyi durdurdu. Yap\u0131lan kimlik kontrol\u00fcnde ad\u0131n\u0131n E.G. oldu\u011fu belirlenen \u015fahs\u0131n uyu\u015fturucu ticareti su\u00e7undan arand\u0131\u011f\u0131 ortaya \u00e7\u0131kt\u0131.<br \/>\n<br \/>G\u00f6zalt\u0131na al\u0131nan \u015f\u00fcpheli sorgulanmak \u00fczere polis merkezine g\u00f6t\u00fcr\u00fcld\u00fc.<br \/><\/p>\n","protected":false},"excerpt":{"rendered":"<p>\u0130zmir\u2019in Kar\u015f\u0131yaka il\u00e7esinde \u00e7ar\u015f\u0131da \u015f\u00fcphe \u00fczerinde durdurulan bir ki\u015fi kesinle\u015fmi\u015f hapis cezas\u0131 ile aranan uyu\u015fturucu sat\u0131c\u0131s\u0131 \u00e7\u0131kt\u0131. \u015eah\u0131s, polis ekiplerince g\u00f6zalt\u0131na al\u0131nd\u0131. Kar\u015f\u0131yaka \u0130l\u00e7e Emniyet M\u00fcd\u00fcrl\u00fc\u011f\u00fcne ba\u011fl\u0131 Devriye Ekipler B\u00fcro Amirli\u011fi ekipleri, Kar\u015f\u0131yaka \u00c7ar\u015f\u0131s\u0131\u2019nda \u015f\u00fcphe \u00fczerine bir ki\u015fiyi durdurdu. Yap\u0131lan kimlik kontrol\u00fcnde ad\u0131n\u0131n E.G. oldu\u011fu belirlenen \u015fahs\u0131n uyu\u015fturucu ticareti su\u00e7undan arand\u0131\u011f\u0131 ortaya \u00e7\u0131kt\u0131. G\u00f6zalt\u0131na al\u0131nan&#8230;<\/p>\n","protected":false},"author":1,"featured_media":19020,"comment_status":"open","ping_status":"open","sticky":false,"template":"","format":"standard","meta":{"_crdt_document":"","footnotes":""},"categories":[5],"tags":[],"class_list":["post-19019","post","type-post","status-publish","format-standard","has-post-thumbnail","hentry","category-asayis"],"_links":{"self":[{"href":"https:\/\/www.egemtv.com\/index.php?rest_route=\/wp\/v2\/posts\/19019","targetHints":{"allow":["GET"]}}],"collection":[{"href":"https:\/\/www.egemtv.com\/index.php?rest_route=\/wp\/v2\/posts"}],"about":[{"href":"https:\/\/www.egemtv.com\/index.php?rest_route=\/wp\/v2\/types\/post"}],"author":[{"embeddable":true,"href":"https:\/\/www.egemtv.com\/index.php?rest_route=\/wp\/v2\/users\/1"}],"replies":[{"embeddable":true,"href":"https:\/\/www.egemtv.com\/index.php?rest_route=%2Fwp%2Fv2%2Fcomments&post=19019"}],"version-history":[{"count":1,"href":"https:\/\/www.egemtv.com\/index.php?rest_route=\/wp\/v2\/posts\/19019\/revisions"}],"predecessor-version":[{"id":19021,"href":"https:\/\/www.egemtv.com\/index.php?rest_route=\/wp\/v2\/posts\/19019\/revisions\/19021"}],"wp:featuredmedia":[{"embeddable":true,"href":"https:\/\/www.egemtv.com\/index.php?rest_route=\/wp\/v2\/media\/19020"}],"wp:attachment":[{"href":"https:\/\/www.egemtv.com\/index.php?rest_route=%2Fwp%2Fv2%2Fmedia&parent=19019"}],"wp:term":[{"taxonomy":"category","embeddable":true,"href":"https:\/\/www.egemtv.com\/index.php?rest_route=%2Fwp%2Fv2%2Fcategories&post=19019"},{"taxonomy":"post_tag","embeddable":true,"href":"https:\/\/www.egemtv.com\/index.php?rest_route=%2Fwp%2Fv2%2Ftags&post=19019"}],"curies":[{"name":"wp","href":"https:\/\/api.w.org\/{rel}","templated":true}]}}