{"id":19016,"date":"2025-02-14T18:58:01","date_gmt":"2025-02-14T15:58:01","guid":{"rendered":"https:\/\/www.egemtv.com\/?p=19016"},"modified":"2025-02-14T18:58:07","modified_gmt":"2025-02-14T15:58:07","slug":"ormanlik-alanda-gizlenen-uyusturucu-jandarmanin-dikkatinden-kacmadi","status":"publish","type":"post","link":"https:\/\/www.egemtv.com\/?p=19016","title":{"rendered":"Ormanl\u0131k alanda gizlenen uyu\u015fturucu, jandarman\u0131n dikkatinden ka\u00e7mad\u0131"},"content":{"rendered":"<p>Ayd\u0131n\u2019\u0131n Efeler il\u00e7esinde ormanl\u0131k alanda kovalara doldurularak saklanan uyu\u015fturucu, jandarma ekiplerince ele ge\u00e7irildi, olayla ilgili 3 \u015f\u00fcpheli yakaland\u0131.<br \/>\n<br \/>Ayd\u0131n \u0130l Jandarma Komutanl\u0131\u011f\u0131nca uyu\u015fturucu madde sat\u0131c\u0131lar\u0131 ve kullan\u0131c\u0131lar\u0131na y\u00f6nelik \u00e7al\u0131\u015fmalar aral\u0131ks\u0131z s\u00fcr\u00fcyor. Edinilen bilgiye g\u00f6re jandarma ekiplerince, Efeler il\u00e7esi Emirdo\u011fan Mahallesi\u2019nde ormanl\u0131k alan i\u00e7erisinde kovalara konulmu\u015f vaziyette kimli\u011fi belirsiz \u015fah\u0131slarca 85 gram uyu\u015fturucu madde ele ge\u00e7irildi. Yap\u0131lan detayl\u0131 ara\u015ft\u0131rma sonucu S.K., \u0130.D. ve O.M. isimli \u015f\u00fcpheliler yakaland\u0131. Ayr\u0131ca \u0130.D. isimli \u015f\u00fcpheli \u015fahs\u0131n uyu\u015fturucu madde kulland\u0131\u011f\u0131 tespit edildi. Yakalanarak g\u00f6zalt\u0131na al\u0131nan \u015f\u00fcpheliler hakk\u0131nda ba\u015flat\u0131lan adli s\u00fcre\u00e7 devam ediyor.<br \/><\/p>\n","protected":false},"excerpt":{"rendered":"<p>Ayd\u0131n\u2019\u0131n Efeler il\u00e7esinde ormanl\u0131k alanda kovalara doldurularak saklanan uyu\u015fturucu, jandarma ekiplerince ele ge\u00e7irildi, olayla ilgili 3 \u015f\u00fcpheli yakaland\u0131. Ayd\u0131n \u0130l Jandarma Komutanl\u0131\u011f\u0131nca uyu\u015fturucu madde sat\u0131c\u0131lar\u0131 ve kullan\u0131c\u0131lar\u0131na y\u00f6nelik \u00e7al\u0131\u015fmalar aral\u0131ks\u0131z s\u00fcr\u00fcyor. Edinilen bilgiye g\u00f6re jandarma ekiplerince, Efeler il\u00e7esi Emirdo\u011fan Mahallesi\u2019nde ormanl\u0131k alan i\u00e7erisinde kovalara konulmu\u015f vaziyette kimli\u011fi belirsiz \u015fah\u0131slarca 85 gram uyu\u015fturucu madde ele ge\u00e7irildi&#8230;.<\/p>\n","protected":false},"author":1,"featured_media":19017,"comment_status":"open","ping_status":"open","sticky":false,"template":"","format":"standard","meta":{"_crdt_document":"","footnotes":""},"categories":[5],"tags":[],"class_list":["post-19016","post","type-post","status-publish","format-standard","has-post-thumbnail","hentry","category-asayis"],"_links":{"self":[{"href":"https:\/\/www.egemtv.com\/index.php?rest_route=\/wp\/v2\/posts\/19016","targetHints":{"allow":["GET"]}}],"collection":[{"href":"https:\/\/www.egemtv.com\/index.php?rest_route=\/wp\/v2\/posts"}],"about":[{"href":"https:\/\/www.egemtv.com\/index.php?rest_route=\/wp\/v2\/types\/post"}],"author":[{"embeddable":true,"href":"https:\/\/www.egemtv.com\/index.php?rest_route=\/wp\/v2\/users\/1"}],"replies":[{"embeddable":true,"href":"https:\/\/www.egemtv.com\/index.php?rest_route=%2Fwp%2Fv2%2Fcomments&post=19016"}],"version-history":[{"count":1,"href":"https:\/\/www.egemtv.com\/index.php?rest_route=\/wp\/v2\/posts\/19016\/revisions"}],"predecessor-version":[{"id":19018,"href":"https:\/\/www.egemtv.com\/index.php?rest_route=\/wp\/v2\/posts\/19016\/revisions\/19018"}],"wp:featuredmedia":[{"embeddable":true,"href":"https:\/\/www.egemtv.com\/index.php?rest_route=\/wp\/v2\/media\/19017"}],"wp:attachment":[{"href":"https:\/\/www.egemtv.com\/index.php?rest_route=%2Fwp%2Fv2%2Fmedia&parent=19016"}],"wp:term":[{"taxonomy":"category","embeddable":true,"href":"https:\/\/www.egemtv.com\/index.php?rest_route=%2Fwp%2Fv2%2Fcategories&post=19016"},{"taxonomy":"post_tag","embeddable":true,"href":"https:\/\/www.egemtv.com\/index.php?rest_route=%2Fwp%2Fv2%2Ftags&post=19016"}],"curies":[{"name":"wp","href":"https:\/\/api.w.org\/{rel}","templated":true}]}}