{"id":19013,"date":"2025-02-14T18:30:41","date_gmt":"2025-02-14T15:30:41","guid":{"rendered":"https:\/\/www.egemtv.com\/?p=19013"},"modified":"2025-02-14T18:30:45","modified_gmt":"2025-02-14T15:30:45","slug":"marmaris-golge-koyunda-agaclandirma-calismasi-basladi","status":"publish","type":"post","link":"https:\/\/www.egemtv.com\/?p=19013","title":{"rendered":"Marmaris G\u00f6lge Koyu\u2019nda a\u011fa\u00e7land\u0131rma \u00e7al\u0131\u015fmas\u0131 ba\u015flad\u0131"},"content":{"rendered":"<p>Mu\u011fla\u2019n\u0131n Marmaris il\u00e7esine ba\u011fl\u0131 Hisar\u00f6n\u00fc Mahallesi G\u00f6lge Koyu\u2019nda ge\u00e7ti\u011fimiz yaz \u00e7\u0131kan orman yang\u0131n\u0131nda yok olan 5 hektarl\u0131k k\u0131z\u0131l\u00e7am orman\u0131, yeniden ye\u015feriyor. Marmaris Orman \u0130\u015fletme M\u00fcd\u00fcrl\u00fc\u011f\u00fc ve sivil toplum kurulu\u015flar\u0131n\u0131n i\u015f birli\u011fiyle ba\u015flat\u0131lan a\u011fa\u00e7land\u0131rma \u00e7al\u0131\u015fmalar\u0131 kapsam\u0131nda binlerce fidan toprakla bulu\u015fturuldu.<\/p>\n<p>30 Haziran 2024\u2019te karavan kamp\u00e7\u0131lar\u0131 taraf\u0131ndan \u00e7\u0131kar\u0131ld\u0131\u011f\u0131 iddia edilen yang\u0131nda zarar g\u00f6ren alana, g\u00f6n\u00fcll\u00fcler, \u00f6\u011frenciler ve Orman \u0130\u015fletme M\u00fcd\u00fcrl\u00fc\u011f\u00fc ekipleri taraf\u0131ndan 5 bin k\u0131z\u0131l\u00e7am ve selvi fidan\u0131 dikildi. Yang\u0131n sonras\u0131 Marmaris Orman \u0130\u015fletme M\u00fcd\u00fcrl\u00fc\u011f\u00fc ekipleri taraf\u0131ndan temizlenen ve fidan dikimine haz\u0131r h\u00e2le getirilen alanda, Hisar\u00f6n\u00fc Orman \u0130\u015fletme \u015eefi Hayati Ayg\u00fcn Patat fidan dikimi hakk\u0131nda bilgi vererek elindeki k\u0131z\u0131l\u00e7am fidan\u0131n\u0131n nas\u0131l torbadan \u00e7\u0131kar\u0131l\u0131p topra\u011fa g\u00f6m\u00fclece\u011fini anlatt\u0131.<\/p>\n<p>Etkinlik kapsam\u0131nda, ge\u00e7ti\u011fimiz y\u0131l akci\u011fer kanseri nedeniyle hayat\u0131n\u0131 kaybeden Nafia Kutlu ad\u0131na toplanan 2 bin fidan ile Orman \u0130\u015fletme M\u00fcd\u00fcrl\u00fc\u011f\u00fc taraf\u0131ndan yeti\u015ftirilen 3 bin fidan do\u011faya kazand\u0131r\u0131ld\u0131. Marmaris A\u011fa\u00e7land\u0131rma ve Do\u011fa Koruma Derne\u011fi\u2019ne ba\u011f\u0131\u015flanan fidanlarla olu\u015fturulan hat\u0131ra orman\u0131, do\u011faya katk\u0131 sa\u011flarken ayn\u0131 zamanda fark\u0131ndal\u0131k olu\u015fturdu. Merhum Nafia Kutlu\u2019nun e\u015fi Mehmet Kutlu, &#8220;E\u015fim ad\u0131na yap\u0131lan bu ba\u011f\u0131\u015flardan ve olu\u015fturulan hat\u0131ra orman\u0131ndan dolay\u0131 \u00e7ok gururluyum&#8221; dedi. \u00c7ocuklar\u0131 Hakan ve Canan Kutlu ise, &#8220;Bu fidanlar annemiz ad\u0131na t\u00fcm kanser hastalar\u0131 i\u00e7in bir fark\u0131ndal\u0131k \u00e7al\u0131\u015fmas\u0131 oldu. Ayn\u0131 zamanda oksijen kayna\u011f\u0131na d\u00f6n\u00fc\u015fecek&#8221; ifadelerini kulland\u0131.<\/p>\n<p>Devlet Orman alanlar\u0131n\u0131 korumaya devam ediyor<br \/>\n<br \/>Marmaris Orman \u0130\u015fletme M\u00fcd\u00fcr\u00fc G\u00f6khan \u015eahin, a\u011fa\u00e7land\u0131rma \u00e7al\u0131\u015fmalar\u0131n\u0131n \u00f6nemine vurgu yaparak, &#8220;Do\u011fa, hepimizin gelecek nesillere b\u0131rakaca\u011f\u0131 en de\u011ferli miras. Toplumda, yanan alanlara otel yap\u0131laca\u011f\u0131na dair yanl\u0131\u015f bir alg\u0131 var. Bug\u00fcn burada bir kez daha devletimizin b\u00f6yle bir \u015feye izin vermeyece\u011fini ve ormana verdi\u011fi de\u011feri g\u00f6stermi\u015f oluyoruz&#8221; dedi. Konu\u015fmas\u0131n\u0131n ard\u0131ndan fidan dikimi ger\u00e7ekle\u015ftirilerek etkinlik ba\u015flad\u0131.<\/p>\n<p>\u00d6\u011frencilerden \u00e7evre bilinci mesaj\u0131<br \/>\n<br \/>Fidan dikim etkinli\u011fine kat\u0131lan \u00f6\u011frenciler, \u00e7evrenin korunmas\u0131na dikkat \u00e7ekerek, &#8220;Do\u011fam\u0131z\u0131 korudu\u011fumuz bilinsin istiyoruz. Ate\u015f yakt\u0131ktan sonra s\u00f6nd\u00fcr\u00fcld\u00fc\u011f\u00fcnden emin olmadan yan\u0131ndan ayr\u0131lmayal\u0131m, yerlere \u00e7\u00f6p atmayal\u0131m&#8221; diyerek sosyal mesaj verdi. Etkinli\u011fe kat\u0131lan yeti\u015fkinler ise do\u011fan\u0131n \u00f6nemine vurgu yaparak, Sevgililer G\u00fcn\u00fc\u2019nde b\u00f6yle anlaml\u0131 bir etkinlikte yer almaktan mutluluk duyduklar\u0131n\u0131 belirtti.<br \/>\n<br \/>Marmaris Orman \u0130\u015fletme M\u00fcd\u00fcrl\u00fc\u011f\u00fc ekipleri, etkinli\u011fe kat\u0131lan g\u00f6n\u00fcll\u00fclere ve \u00f6\u011frencilere \u00e7e\u015fitli hediyeler ve ikramlarda bulunarak te\u015fekk\u00fcrlerini iletti. A\u011fa\u00e7land\u0131rma \u00e7al\u0131\u015fmalar\u0131n\u0131n \u00f6n\u00fcm\u00fczdeki y\u0131llarda da devam edece\u011fi bildirildi.<br \/><\/p>\n","protected":false},"excerpt":{"rendered":"<p>Mu\u011fla\u2019n\u0131n Marmaris il\u00e7esine ba\u011fl\u0131 Hisar\u00f6n\u00fc Mahallesi G\u00f6lge Koyu\u2019nda ge\u00e7ti\u011fimiz yaz \u00e7\u0131kan orman yang\u0131n\u0131nda yok olan 5 hektarl\u0131k k\u0131z\u0131l\u00e7am orman\u0131, yeniden ye\u015feriyor. Marmaris Orman \u0130\u015fletme M\u00fcd\u00fcrl\u00fc\u011f\u00fc ve sivil toplum kurulu\u015flar\u0131n\u0131n i\u015f birli\u011fiyle ba\u015flat\u0131lan a\u011fa\u00e7land\u0131rma \u00e7al\u0131\u015fmalar\u0131 kapsam\u0131nda binlerce fidan toprakla bulu\u015fturuldu. 30 Haziran 2024\u2019te karavan kamp\u00e7\u0131lar\u0131 taraf\u0131ndan \u00e7\u0131kar\u0131ld\u0131\u011f\u0131 iddia edilen yang\u0131nda zarar g\u00f6ren alana, g\u00f6n\u00fcll\u00fcler, \u00f6\u011frenciler ve&#8230;<\/p>\n","protected":false},"author":1,"featured_media":19014,"comment_status":"open","ping_status":"open","sticky":false,"template":"","format":"standard","meta":{"_crdt_document":"","footnotes":""},"categories":[1],"tags":[],"class_list":["post-19013","post","type-post","status-publish","format-standard","has-post-thumbnail","hentry","category-guncel"],"_links":{"self":[{"href":"https:\/\/www.egemtv.com\/index.php?rest_route=\/wp\/v2\/posts\/19013","targetHints":{"allow":["GET"]}}],"collection":[{"href":"https:\/\/www.egemtv.com\/index.php?rest_route=\/wp\/v2\/posts"}],"about":[{"href":"https:\/\/www.egemtv.com\/index.php?rest_route=\/wp\/v2\/types\/post"}],"author":[{"embeddable":true,"href":"https:\/\/www.egemtv.com\/index.php?rest_route=\/wp\/v2\/users\/1"}],"replies":[{"embeddable":true,"href":"https:\/\/www.egemtv.com\/index.php?rest_route=%2Fwp%2Fv2%2Fcomments&post=19013"}],"version-history":[{"count":1,"href":"https:\/\/www.egemtv.com\/index.php?rest_route=\/wp\/v2\/posts\/19013\/revisions"}],"predecessor-version":[{"id":19015,"href":"https:\/\/www.egemtv.com\/index.php?rest_route=\/wp\/v2\/posts\/19013\/revisions\/19015"}],"wp:featuredmedia":[{"embeddable":true,"href":"https:\/\/www.egemtv.com\/index.php?rest_route=\/wp\/v2\/media\/19014"}],"wp:attachment":[{"href":"https:\/\/www.egemtv.com\/index.php?rest_route=%2Fwp%2Fv2%2Fmedia&parent=19013"}],"wp:term":[{"taxonomy":"category","embeddable":true,"href":"https:\/\/www.egemtv.com\/index.php?rest_route=%2Fwp%2Fv2%2Fcategories&post=19013"},{"taxonomy":"post_tag","embeddable":true,"href":"https:\/\/www.egemtv.com\/index.php?rest_route=%2Fwp%2Fv2%2Ftags&post=19013"}],"curies":[{"name":"wp","href":"https:\/\/api.w.org\/{rel}","templated":true}]}}