{"id":19010,"date":"2025-02-14T18:30:36","date_gmt":"2025-02-14T15:30:36","guid":{"rendered":"https:\/\/www.egemtv.com\/?p=19010"},"modified":"2025-02-14T18:30:41","modified_gmt":"2025-02-14T15:30:41","slug":"sokede-yangin-panigi","status":"publish","type":"post","link":"https:\/\/www.egemtv.com\/?p=19010","title":{"rendered":"S\u00f6ke\u2019de yang\u0131n pani\u011fi"},"content":{"rendered":"<p>Ayd\u0131n\u2019\u0131n S\u00f6ke il\u00e7esinde bir ede \u00e7\u0131kan yang\u0131n pani\u011fe neden oldu.<br \/>\n<br \/>S\u00f6ke Cumhuriyet Mahallesi, \u00d6ngel Sokak\u2019ta bulunan \u00fc\u00e7 katl\u0131 binan\u0131n ikinci kat\u0131nda hen\u00fcz bilinmeyen bir nedenle yang\u0131n \u00e7\u0131kt\u0131. Yang\u0131n\u0131 fark eden \u00e7evre sakinleri, binada yaln\u0131z ya\u015fayan Alzheimer hastas\u0131 oldu\u011fu \u00f6\u011frenilen Ay\u015fe Ezel\u2019i h\u0131zla d\u0131\u015far\u0131 \u00e7\u0131kararak g\u00fcvenli bir b\u00f6lgeye ald\u0131. \u0130hbar \u00fczerine olay yerine itfaiye, sa\u011fl\u0131k ve polis ekipleri sevk edildi. \u0130tfaiye ekipleri yang\u0131na k\u0131sa s\u00fcrede m\u00fcdahale ederken, dumandan etkilenme ihtimaline kar\u015f\u0131 Ay\u015fe Ezel, sa\u011fl\u0131k ekiplerince S\u00f6ke Fehime Faik Kocag\u00f6z Devlet Hastanesi\u2019ne kald\u0131r\u0131ld\u0131. Yang\u0131n\u0131n \u00e7\u0131k\u0131\u015f nedeni ile ilgili inceleme ba\u015flat\u0131ld\u0131.<br \/><\/p>\n","protected":false},"excerpt":{"rendered":"<p>Ayd\u0131n\u2019\u0131n S\u00f6ke il\u00e7esinde bir ede \u00e7\u0131kan yang\u0131n pani\u011fe neden oldu. S\u00f6ke Cumhuriyet Mahallesi, \u00d6ngel Sokak\u2019ta bulunan \u00fc\u00e7 katl\u0131 binan\u0131n ikinci kat\u0131nda hen\u00fcz bilinmeyen bir nedenle yang\u0131n \u00e7\u0131kt\u0131. Yang\u0131n\u0131 fark eden \u00e7evre sakinleri, binada yaln\u0131z ya\u015fayan Alzheimer hastas\u0131 oldu\u011fu \u00f6\u011frenilen Ay\u015fe Ezel\u2019i h\u0131zla d\u0131\u015far\u0131 \u00e7\u0131kararak g\u00fcvenli bir b\u00f6lgeye ald\u0131. \u0130hbar \u00fczerine olay yerine itfaiye, sa\u011fl\u0131k ve&#8230;<\/p>\n","protected":false},"author":1,"featured_media":19011,"comment_status":"open","ping_status":"open","sticky":false,"template":"","format":"standard","meta":{"_crdt_document":"","footnotes":""},"categories":[5],"tags":[],"class_list":["post-19010","post","type-post","status-publish","format-standard","has-post-thumbnail","hentry","category-asayis"],"_links":{"self":[{"href":"https:\/\/www.egemtv.com\/index.php?rest_route=\/wp\/v2\/posts\/19010","targetHints":{"allow":["GET"]}}],"collection":[{"href":"https:\/\/www.egemtv.com\/index.php?rest_route=\/wp\/v2\/posts"}],"about":[{"href":"https:\/\/www.egemtv.com\/index.php?rest_route=\/wp\/v2\/types\/post"}],"author":[{"embeddable":true,"href":"https:\/\/www.egemtv.com\/index.php?rest_route=\/wp\/v2\/users\/1"}],"replies":[{"embeddable":true,"href":"https:\/\/www.egemtv.com\/index.php?rest_route=%2Fwp%2Fv2%2Fcomments&post=19010"}],"version-history":[{"count":1,"href":"https:\/\/www.egemtv.com\/index.php?rest_route=\/wp\/v2\/posts\/19010\/revisions"}],"predecessor-version":[{"id":19012,"href":"https:\/\/www.egemtv.com\/index.php?rest_route=\/wp\/v2\/posts\/19010\/revisions\/19012"}],"wp:featuredmedia":[{"embeddable":true,"href":"https:\/\/www.egemtv.com\/index.php?rest_route=\/wp\/v2\/media\/19011"}],"wp:attachment":[{"href":"https:\/\/www.egemtv.com\/index.php?rest_route=%2Fwp%2Fv2%2Fmedia&parent=19010"}],"wp:term":[{"taxonomy":"category","embeddable":true,"href":"https:\/\/www.egemtv.com\/index.php?rest_route=%2Fwp%2Fv2%2Fcategories&post=19010"},{"taxonomy":"post_tag","embeddable":true,"href":"https:\/\/www.egemtv.com\/index.php?rest_route=%2Fwp%2Fv2%2Ftags&post=19010"}],"curies":[{"name":"wp","href":"https:\/\/api.w.org\/{rel}","templated":true}]}}