{"id":19007,"date":"2025-02-14T18:20:51","date_gmt":"2025-02-14T15:20:51","guid":{"rendered":"https:\/\/www.egemtv.com\/?p=19007"},"modified":"2025-02-14T18:20:56","modified_gmt":"2025-02-14T15:20:56","slug":"akhisarda-yagmur-suyu-sorununa-cozum","status":"publish","type":"post","link":"https:\/\/www.egemtv.com\/?p=19007","title":{"rendered":"Akhisar\u2019da ya\u011fmur suyu sorununa \u00e7\u00f6z\u00fcm"},"content":{"rendered":"<p>Manisa B\u00fcy\u00fck\u015fehir Belediyesi, al yap\u0131 yat\u0131r\u0131mlar\u0131yla y\u0131llar\u0131n birikmi\u015f sorunlar\u0131na ne\u015fter vurmaya devam ediyor. Bu kapsamda, Manisa Su ve Kanalizasyon \u0130daresi (MASK\u0130) Genel M\u00fcd\u00fcrl\u00fc\u011f\u00fc, Akhisar Keth\u00fcda Mahallesi 183 Sokak\u2019ta y\u0131llard\u0131r s\u00fcregelen ta\u015fk\u0131n problemini ortadan kald\u0131rmak i\u00e7in ya\u011fmur suyu menfezi imalatlar\u0131na ba\u015flad\u0131.<br \/>\n<br \/>\u00c7al\u0131\u015fmalar\u0131 yerinde inceleyen MASK\u0130 Genel M\u00fcd\u00fcr\u00fc Talat Postac\u0131, B\u00fcy\u00fck\u015fehir Belediye Ba\u015fkan\u0131 Ferdi Zeyrek\u2019in \u00f6nc\u00fcl\u00fc\u011f\u00fcnde, b\u00f6lgedeki y\u0131llard\u0131r \u00e7\u00f6z\u00fclemeyen \u00f6nemli bir sorunun daha \u00e7\u00f6z\u00fcme kavu\u015faca\u011f\u0131n\u0131 s\u00f6yledi.<br \/>\n<br \/>MASK\u0130 Genel M\u00fcd\u00fcrl\u00fc\u011f\u00fc alt ve \u00fcstyap\u0131 sorunlar\u0131n\u0131 \u00e7\u00f6zmek, halk\u0131n ya\u015fam kalitesini art\u0131rmak ve olabilecek afetlerde ya\u015fanabilecek problemlerin \u00f6n\u00fcne ge\u00e7mek i\u00e7in \u00e7al\u0131\u015fmalar\u0131n\u0131 s\u00fcrd\u00fcr\u00fcyor. Akhisar Keth\u00fcda Mahallesi 183 Sokak\u2019ta da ya\u011f\u0131\u015fl\u0131 havalarda ya\u015fanan ma\u011fduriyete son vermek i\u00e7in 400 metre b\u00fcy\u00fck \u00e7apta menfez imalat\u0131na ba\u015flad\u0131. MASK\u0130 Genel M\u00fcd\u00fcr\u00fc Talat Postac\u0131, \u00e7al\u0131\u015fmalar\u0131 yerinde inceleyerek, yap\u0131lanlarla ilgili bilgi verdi. Postac\u0131, &#8220;Daha \u00f6nce su bask\u0131nlar\u0131 ve yollarda su birikintileri olu\u015fuyordu. Buradaki insanlar b\u00fcy\u00fck bir ma\u011fduriyet ya\u015f\u0131yorlard\u0131. \u00c7al\u0131\u015fmada 400 civar\u0131 menfez kullan\u0131lacak. Burada ya\u015fanan sanc\u0131y\u0131 ortadan kald\u0131rm\u0131\u015f olaca\u011f\u0131z. Biraz zahmetli, ama \u00e7ok gerekli bir \u00e7al\u0131\u015fma. \u00c7al\u0131\u015fmalar\u0131m\u0131z daha da geni\u015fleyerek s\u00fcrecek. B\u00fcy\u00fck\u015fehir Belediye Ba\u015fkan\u0131m\u0131z Say\u0131n Ferdi Zeyrek, vatanda\u015flar\u0131m\u0131zdan gelen talepleri \u00e7\u00f6zmek i\u00e7in \u00e7al\u0131\u015f\u0131yor. Efendi ve Ulucami mahallelerinin ya\u011fmur suyu ge\u00e7i\u015fleri de bu hat \u00fczerinden ger\u00e7ekle\u015fecek. Bu y\u00fczden menfez boyutlar\u0131n\u0131 b\u00fcy\u00fctt\u00fck. Akhisar i\u00e7in \u00f6nemli ve b\u00fcy\u00fck bir \u00e7al\u0131\u015fma. Ekiplerimiz \u00e7ok h\u0131zl\u0131 \u00e7al\u0131\u015f\u0131yor&#8221; dedi.<\/p>\n<p>&#8220;Ferdi Ba\u015fkan\u0131m\u0131za te\u015fekk\u00fcr ederiz&#8221;<br \/>\n<br \/>Mahalle Muhtar\u0131 Mehmet Ali Sevimler, ge\u00e7mi\u015f y\u0131llarda \u00e7ok b\u00fcy\u00fck s\u0131k\u0131nt\u0131lar ya\u015fad\u0131klar\u0131n\u0131 belirterek, &#8220;50-60 y\u0131ld\u0131r b\u00f6yle bir \u00e7al\u0131\u015fma yap\u0131lmam\u0131\u015ft\u0131. \u00c7al\u0131\u015fma tamamlan\u0131nca mahalle sakinlerinin ya\u015fad\u0131\u011f\u0131 s\u0131k\u0131nt\u0131lar son bulacak. Mahallemizde b\u00f6yle bir \u00e7al\u0131\u015fma yap\u0131ld\u0131\u011f\u0131 i\u00e7in Ferdi Ba\u015fkan\u0131m\u0131za te\u015fekk\u00fcr ederiz. Ya\u011f\u0131\u015fl\u0131 havalarda suyun gidece\u011fi yer olmad\u0131\u011f\u0131 i\u00e7in depolar\u0131 ve birinci katlar\u0131 su bas\u0131yordu. Arka tarafta bir hastane var. Oray\u0131 da su bas\u0131yordu. S\u0131k\u0131nt\u0131lardan kurtulaca\u011f\u0131z&#8221; diye konu\u015ftu.<br \/>\n<br \/>Mahalle sakini Muammer Onul ise y\u0131llard\u0131r ya\u015fad\u0131klar\u0131 ma\u011fduriyetin sona erecek olmas\u0131ndan duydu\u011fu memnuniyeti dile getirerek, &#8220;Her sa\u011fanak ya\u011fmur ya\u011fd\u0131\u011f\u0131nda ailece alarmdayd\u0131k. Garaj\u0131m\u0131z\u0131 su bas\u0131yordu, 5 kiloluk ya\u011f tenekeleri bile y\u00fcz\u00fcyordu. \u00d6nceki y\u00f6netimlere defalarca ba\u015fvurduk ancak \u00e7\u00f6z\u00fcm bulamad\u0131k. Allah raz\u0131 olsun, \u015fimdiki y\u00f6netim bu s\u0131k\u0131nt\u0131lardan bizleri kurtaracak. Ferdi Ba\u015fkan\u0131m\u0131z\u0131n \u00e7al\u0131\u015fmalar\u0131ndan \u00e7ok memnunuz&#8221; ifadelerini kulland\u0131.<br \/><\/p>\n","protected":false},"excerpt":{"rendered":"<p>Manisa B\u00fcy\u00fck\u015fehir Belediyesi, al yap\u0131 yat\u0131r\u0131mlar\u0131yla y\u0131llar\u0131n birikmi\u015f sorunlar\u0131na ne\u015fter vurmaya devam ediyor. Bu kapsamda, Manisa Su ve Kanalizasyon \u0130daresi (MASK\u0130) Genel M\u00fcd\u00fcrl\u00fc\u011f\u00fc, Akhisar Keth\u00fcda Mahallesi 183 Sokak\u2019ta y\u0131llard\u0131r s\u00fcregelen ta\u015fk\u0131n problemini ortadan kald\u0131rmak i\u00e7in ya\u011fmur suyu menfezi imalatlar\u0131na ba\u015flad\u0131. \u00c7al\u0131\u015fmalar\u0131 yerinde inceleyen MASK\u0130 Genel M\u00fcd\u00fcr\u00fc Talat Postac\u0131, B\u00fcy\u00fck\u015fehir Belediye Ba\u015fkan\u0131 Ferdi Zeyrek\u2019in \u00f6nc\u00fcl\u00fc\u011f\u00fcnde, b\u00f6lgedeki&#8230;<\/p>\n","protected":false},"author":1,"featured_media":19008,"comment_status":"open","ping_status":"open","sticky":false,"template":"","format":"standard","meta":{"_crdt_document":"","footnotes":""},"categories":[1],"tags":[],"class_list":["post-19007","post","type-post","status-publish","format-standard","has-post-thumbnail","hentry","category-guncel"],"_links":{"self":[{"href":"https:\/\/www.egemtv.com\/index.php?rest_route=\/wp\/v2\/posts\/19007","targetHints":{"allow":["GET"]}}],"collection":[{"href":"https:\/\/www.egemtv.com\/index.php?rest_route=\/wp\/v2\/posts"}],"about":[{"href":"https:\/\/www.egemtv.com\/index.php?rest_route=\/wp\/v2\/types\/post"}],"author":[{"embeddable":true,"href":"https:\/\/www.egemtv.com\/index.php?rest_route=\/wp\/v2\/users\/1"}],"replies":[{"embeddable":true,"href":"https:\/\/www.egemtv.com\/index.php?rest_route=%2Fwp%2Fv2%2Fcomments&post=19007"}],"version-history":[{"count":1,"href":"https:\/\/www.egemtv.com\/index.php?rest_route=\/wp\/v2\/posts\/19007\/revisions"}],"predecessor-version":[{"id":19009,"href":"https:\/\/www.egemtv.com\/index.php?rest_route=\/wp\/v2\/posts\/19007\/revisions\/19009"}],"wp:featuredmedia":[{"embeddable":true,"href":"https:\/\/www.egemtv.com\/index.php?rest_route=\/wp\/v2\/media\/19008"}],"wp:attachment":[{"href":"https:\/\/www.egemtv.com\/index.php?rest_route=%2Fwp%2Fv2%2Fmedia&parent=19007"}],"wp:term":[{"taxonomy":"category","embeddable":true,"href":"https:\/\/www.egemtv.com\/index.php?rest_route=%2Fwp%2Fv2%2Fcategories&post=19007"},{"taxonomy":"post_tag","embeddable":true,"href":"https:\/\/www.egemtv.com\/index.php?rest_route=%2Fwp%2Fv2%2Ftags&post=19007"}],"curies":[{"name":"wp","href":"https:\/\/api.w.org\/{rel}","templated":true}]}}