{"id":19004,"date":"2025-02-14T17:45:12","date_gmt":"2025-02-14T14:45:12","guid":{"rendered":"https:\/\/www.egemtv.com\/?p=19004"},"modified":"2025-02-14T17:45:17","modified_gmt":"2025-02-14T14:45:17","slug":"sehit-uzman-cavus-izmirde-son-yolculuguna-ugurlandi","status":"publish","type":"post","link":"https:\/\/www.egemtv.com\/?p=19004","title":{"rendered":"\u015eehit uzman \u00e7avu\u015f \u0130zmir\u2019de son yolculu\u011funa u\u011furland\u0131"},"content":{"rendered":"<p>Suriye\u2019nin kuzeyinde bir \u00fcs b\u00f6lgesine a\u00e7\u0131lan taciz ate\u015fi sonucu a\u011f\u0131r yaralanan ve tedavi g\u00f6rd\u00fc\u011f\u00fc hastanede \u015fehit olan Osman Oktay, \u0130zmir\u2019de g\u00f6zya\u015flar\u0131yla son yolculu\u011funa u\u011furland\u0131.<br \/>\n<br \/>Piyade Uzman \u00c7avu\u015f Osman Oktay (32), Suriye\u2019nin kuzeyinde 7 \u015eubat tarihinde bir \u00fcs b\u00f6lgesine ter\u00f6ristler taraf\u0131ndan a\u00e7\u0131lan taciz ate\u015fi sonucu a\u011f\u0131r yaraland\u0131. Oktay, kald\u0131r\u0131ld\u0131\u011f\u0131 Gaziantep \u015eehir Hastanesinde yap\u0131lan t\u00fcm m\u00fcdahalelere ra\u011fmen kurtar\u0131lamayarak \u015fehit oldu. \u015eehidin cenazesi, Gaziantep\u2019te d\u00fczenlenen askeri t\u00f6renin ard\u0131ndan \u0130zmir\u2019e getirildi. \u015eehit i\u00e7in bug\u00fcn Gaziemir 15 Temmuz \u015eehitler Camii\u2019nde ikindi vakti cenaze t\u00f6reni d\u00fczenlendi. T\u00f6rene \u015fehidin annesi Hori Oktay, karde\u015fleri, \u0130zmir Valisi S\u00fcleyman Elban, \u00c7al\u0131\u015fma ve Sosyal G\u00fcvenlik Bakan Yard\u0131mc\u0131s\u0131 Adnan Ertem, \u0130zmir B\u00fcy\u00fck\u015fehir Belediye Ba\u015fkan\u0131 Cemil Tugay, AK Parti milletvekilleri Atilla Kaya, Ceyda B\u00f6l\u00fcnmez \u00c7ank\u0131r\u0131, CHP Genel Ba\u015fkan Yard\u0131mc\u0131s\u0131 Murat Bakan, AK Parti \u0130zmir \u0130l Ba\u015fkan Bilal Sayg\u0131l\u0131, CHP \u0130zmir \u0130l Ba\u015fkan\u0131 \u015eenol Aslano\u011flu, Ege Ordusu ve Garnizon Komutan\u0131 Orgeneral \u0130rfan \u00d6zsert, \u0130Y\u0130 Parti \u0130zmir Milletvekili H\u00fcsmen K\u0131rkp\u0131nar, \u0130Y\u0130 Parti \u0130zmir \u0130l Ba\u015fkan\u0131 \u00dclk\u00fc Do\u011fan, eski Gen\u00e7lik ve Spor Bakan\u0131 Muharrem Kasapo\u011flu, \u0130zmir \u0130l Emniyet M\u00fcd\u00fcr\u00fc Celal Sel ve askeri erkan kat\u0131ld\u0131.<br \/>\n<br \/>\u0130kindi namaz\u0131n\u0131 m\u00fcteakip k\u0131l\u0131nan cenaze namaz\u0131 sonras\u0131 t\u00f6ren k\u0131tas\u0131 taraf\u0131ndan \u015fehidin T\u00fcrk bayra\u011f\u0131na sar\u0131l\u0131 naa\u015f\u0131 omuzlara al\u0131nd\u0131. \u015eehidin naa\u015f\u0131, cenaze arac\u0131 ile defnedilmek \u00fczere vasiyeti do\u011frultusunda babas\u0131n\u0131n da mezar\u0131n\u0131n bulundu\u011fu Buca Kaynaklar Mezarl\u0131\u011f\u0131\u2019na g\u00f6t\u00fcr\u00fcld\u00fc.<br \/><\/p>\n","protected":false},"excerpt":{"rendered":"<p>Suriye\u2019nin kuzeyinde bir \u00fcs b\u00f6lgesine a\u00e7\u0131lan taciz ate\u015fi sonucu a\u011f\u0131r yaralanan ve tedavi g\u00f6rd\u00fc\u011f\u00fc hastanede \u015fehit olan Osman Oktay, \u0130zmir\u2019de g\u00f6zya\u015flar\u0131yla son yolculu\u011funa u\u011furland\u0131. Piyade Uzman \u00c7avu\u015f Osman Oktay (32), Suriye\u2019nin kuzeyinde 7 \u015eubat tarihinde bir \u00fcs b\u00f6lgesine ter\u00f6ristler taraf\u0131ndan a\u00e7\u0131lan taciz ate\u015fi sonucu a\u011f\u0131r yaraland\u0131. Oktay, kald\u0131r\u0131ld\u0131\u011f\u0131 Gaziantep \u015eehir Hastanesinde yap\u0131lan t\u00fcm m\u00fcdahalelere ra\u011fmen&#8230;<\/p>\n","protected":false},"author":1,"featured_media":19005,"comment_status":"open","ping_status":"open","sticky":false,"template":"","format":"standard","meta":{"_crdt_document":"","footnotes":""},"categories":[1],"tags":[],"class_list":["post-19004","post","type-post","status-publish","format-standard","has-post-thumbnail","hentry","category-guncel"],"_links":{"self":[{"href":"https:\/\/www.egemtv.com\/index.php?rest_route=\/wp\/v2\/posts\/19004","targetHints":{"allow":["GET"]}}],"collection":[{"href":"https:\/\/www.egemtv.com\/index.php?rest_route=\/wp\/v2\/posts"}],"about":[{"href":"https:\/\/www.egemtv.com\/index.php?rest_route=\/wp\/v2\/types\/post"}],"author":[{"embeddable":true,"href":"https:\/\/www.egemtv.com\/index.php?rest_route=\/wp\/v2\/users\/1"}],"replies":[{"embeddable":true,"href":"https:\/\/www.egemtv.com\/index.php?rest_route=%2Fwp%2Fv2%2Fcomments&post=19004"}],"version-history":[{"count":1,"href":"https:\/\/www.egemtv.com\/index.php?rest_route=\/wp\/v2\/posts\/19004\/revisions"}],"predecessor-version":[{"id":19006,"href":"https:\/\/www.egemtv.com\/index.php?rest_route=\/wp\/v2\/posts\/19004\/revisions\/19006"}],"wp:featuredmedia":[{"embeddable":true,"href":"https:\/\/www.egemtv.com\/index.php?rest_route=\/wp\/v2\/media\/19005"}],"wp:attachment":[{"href":"https:\/\/www.egemtv.com\/index.php?rest_route=%2Fwp%2Fv2%2Fmedia&parent=19004"}],"wp:term":[{"taxonomy":"category","embeddable":true,"href":"https:\/\/www.egemtv.com\/index.php?rest_route=%2Fwp%2Fv2%2Fcategories&post=19004"},{"taxonomy":"post_tag","embeddable":true,"href":"https:\/\/www.egemtv.com\/index.php?rest_route=%2Fwp%2Fv2%2Ftags&post=19004"}],"curies":[{"name":"wp","href":"https:\/\/api.w.org\/{rel}","templated":true}]}}