{"id":19001,"date":"2025-02-14T17:37:48","date_gmt":"2025-02-14T14:37:48","guid":{"rendered":"https:\/\/www.egemtv.com\/?p=19001"},"modified":"2025-02-14T17:37:53","modified_gmt":"2025-02-14T14:37:53","slug":"marmaris-taslicada-3u-cocuk-13-duzensiz-gocmen-kurtarildi","status":"publish","type":"post","link":"https:\/\/www.egemtv.com\/?p=19001","title":{"rendered":"Marmaris Ta\u015fl\u0131ca\u2019da 3\u2019\u00fc \u00e7ocuk 13 d\u00fczensiz g\u00f6\u00e7men kurtar\u0131ld\u0131"},"content":{"rendered":"<p>Mu\u011fla\u2019n\u0131n Marmaris il\u00e7esi Ta\u015fl\u0131ca mahallesinde karadan ula\u015f\u0131m\u0131n bulunmad\u0131\u011f\u0131 b\u00f6lgede 3\u2019\u00fc \u00e7ocuk 13 d\u00fczensiz g\u00f6\u00e7men kurtar\u0131ld\u0131.<br \/>\n<br \/>Marmaris il\u00e7esi Ta\u015fl\u0131ca mevkiinde karadan ula\u015f\u0131m\u0131 olmayan b\u00f6lgede bir grup d\u00fczensiz g\u00f6\u00e7menin oldu\u011fu ve yard\u0131m talebinde bulunuldu\u011fu bilgisinin al\u0131nmas\u0131 \u00fczerine g\u00f6revlendirilen Sahil G\u00fcvenlik Botu taraf\u0131ndan 10 d\u00fczensiz g\u00f6\u00e7men (beraberinde 3 \u00e7ocuk) kurtar\u0131ld\u0131.<br \/><\/p>\n","protected":false},"excerpt":{"rendered":"<p>Mu\u011fla\u2019n\u0131n Marmaris il\u00e7esi Ta\u015fl\u0131ca mahallesinde karadan ula\u015f\u0131m\u0131n bulunmad\u0131\u011f\u0131 b\u00f6lgede 3\u2019\u00fc \u00e7ocuk 13 d\u00fczensiz g\u00f6\u00e7men kurtar\u0131ld\u0131. Marmaris il\u00e7esi Ta\u015fl\u0131ca mevkiinde karadan ula\u015f\u0131m\u0131 olmayan b\u00f6lgede bir grup d\u00fczensiz g\u00f6\u00e7menin oldu\u011fu ve yard\u0131m talebinde bulunuldu\u011fu bilgisinin al\u0131nmas\u0131 \u00fczerine g\u00f6revlendirilen Sahil G\u00fcvenlik Botu taraf\u0131ndan 10 d\u00fczensiz g\u00f6\u00e7men (beraberinde 3 \u00e7ocuk) kurtar\u0131ld\u0131.<\/p>\n","protected":false},"author":1,"featured_media":19002,"comment_status":"open","ping_status":"open","sticky":false,"template":"","format":"standard","meta":{"_crdt_document":"","footnotes":""},"categories":[5],"tags":[],"class_list":["post-19001","post","type-post","status-publish","format-standard","has-post-thumbnail","hentry","category-asayis"],"_links":{"self":[{"href":"https:\/\/www.egemtv.com\/index.php?rest_route=\/wp\/v2\/posts\/19001","targetHints":{"allow":["GET"]}}],"collection":[{"href":"https:\/\/www.egemtv.com\/index.php?rest_route=\/wp\/v2\/posts"}],"about":[{"href":"https:\/\/www.egemtv.com\/index.php?rest_route=\/wp\/v2\/types\/post"}],"author":[{"embeddable":true,"href":"https:\/\/www.egemtv.com\/index.php?rest_route=\/wp\/v2\/users\/1"}],"replies":[{"embeddable":true,"href":"https:\/\/www.egemtv.com\/index.php?rest_route=%2Fwp%2Fv2%2Fcomments&post=19001"}],"version-history":[{"count":1,"href":"https:\/\/www.egemtv.com\/index.php?rest_route=\/wp\/v2\/posts\/19001\/revisions"}],"predecessor-version":[{"id":19003,"href":"https:\/\/www.egemtv.com\/index.php?rest_route=\/wp\/v2\/posts\/19001\/revisions\/19003"}],"wp:featuredmedia":[{"embeddable":true,"href":"https:\/\/www.egemtv.com\/index.php?rest_route=\/wp\/v2\/media\/19002"}],"wp:attachment":[{"href":"https:\/\/www.egemtv.com\/index.php?rest_route=%2Fwp%2Fv2%2Fmedia&parent=19001"}],"wp:term":[{"taxonomy":"category","embeddable":true,"href":"https:\/\/www.egemtv.com\/index.php?rest_route=%2Fwp%2Fv2%2Fcategories&post=19001"},{"taxonomy":"post_tag","embeddable":true,"href":"https:\/\/www.egemtv.com\/index.php?rest_route=%2Fwp%2Fv2%2Ftags&post=19001"}],"curies":[{"name":"wp","href":"https:\/\/api.w.org\/{rel}","templated":true}]}}