{"id":18998,"date":"2025-02-14T17:25:33","date_gmt":"2025-02-14T14:25:33","guid":{"rendered":"https:\/\/www.egemtv.com\/?p=18998"},"modified":"2025-02-14T17:25:37","modified_gmt":"2025-02-14T14:25:37","slug":"datca-badem-cicegi-festivali-suruyor","status":"publish","type":"post","link":"https:\/\/www.egemtv.com\/?p=18998","title":{"rendered":"Dat\u00e7a Badem \u00c7i\u00e7e\u011fi Festivali s\u00fcr\u00fcyor"},"content":{"rendered":"<p>Mu\u011fla\u2019n\u0131n Dat\u00e7a il\u00e7esinde ger\u00e7ekle\u015ftirilen Geleneksel Dat\u00e7a Badem \u00c7i\u00e7e\u011fi Festivali ikinci g\u00fcn\u00fcnde devam ediyor.<\/p>\n<p>Dat\u00e7a\u2019da geleneksel hale gelen ve 13-16 \u015eubat tarihleri aras\u0131nda ger\u00e7ekle\u015ftirilecek olan Badem \u00c7i\u00e7e\u011fi Festivali yo\u011fun kat\u0131l\u0131mla s\u00fcr\u00fcyor. Festival kapsam\u0131nda il\u00e7e genelinde birbirinden farkl\u0131 etkinliklerin d\u00fczenlenmesi beklenirken, 4 g\u00fcn s\u00fcrecek festivalin ikinci g\u00fcn\u00fc \u015eenkaya Kav\u015fa\u011f\u0131\u2019ndan ba\u015flayan kortej y\u00fcr\u00fcy\u00fc\u015f\u00fc ile devam etti. Protokol\u00fcn yan\u0131 s\u0131ra \u00e7ok say\u0131da vatanda\u015f\u0131n da kat\u0131l\u0131m\u0131yla d\u00fczenlenen festivalin kortej y\u00fcr\u00fcy\u00fc\u015f\u00fc Cumhuriyet Meydan\u0131\u2019nda son buldu.<\/p>\n<p>Mu\u011fla\u2019n\u0131n her k\u00f6\u015fesi ile adeta bir cenneti and\u0131rd\u0131\u011f\u0131n\u0131 belirten Mu\u011fla B\u00fcy\u00fck\u015fehir Belediye Ba\u015fkan\u0131 Ahmet Aras, &#8220;Mu\u011flam\u0131z her k\u00f6\u015fesi ile bir cennet. Tarihi ile, do\u011fal g\u00fczellikleri ile, k\u00fclt\u00fcr\u00fc ile her \u015feyi ile bir cennet co\u011frafya. Bug\u00fcn burada Badem Festivalimizi yap\u0131yoruz, Bodrum\u2019da Mandalina Festivalimizi, Yata\u011fan\u2019da ve Milas\u2019ta Zeytin ve Hasat Festivallerimizi ger\u00e7ekle\u015ftiriyoruz, Seydimekerimizde yine Domates Festivalimizi yap\u0131yoruz. T\u00fcm il\u00e7eleri ile bir ba\u015fka g\u00fczel bir kentte ya\u015f\u0131yoruz. Bunun k\u0131ymetini bilelim. Bu g\u00fczel co\u011frafyay\u0131 koruyup kollamak hepimizin g\u00f6revi&#8221; dedi.<\/p>\n<p>Dat\u00e7a Badem \u00c7i\u00e7e\u011fi Festivali\u2019nin her ge\u00e7en y\u0131l daha yo\u011fun bir kat\u0131l\u0131mla s\u00fcrd\u00fc\u011f\u00fcn\u00fc belirten Dat\u00e7a Kaymakam\u0131 Murat At\u0131c\u0131 ise, &#8220;Her ge\u00e7en sene daha fazla kat\u0131l\u0131mla bu festivalimizi ger\u00e7ekle\u015ftirmeye devam ediyoruz. Dat\u00e7am\u0131z\u0131n 52 koyu, 226 kilometre sahil \u015feridi ile t\u00fcm vatanda\u015flar\u0131m\u0131za hizmet etmekte ve turistlerimizi a\u011f\u0131rlamaktad\u0131r. Her ge\u00e7en g\u00fcn vatanda\u015flar\u0131m\u0131z\u0131n ilgisi il\u00e7emize daha fazla art\u0131yor. Dat\u00e7a\u2019n\u0131n resimlerine dahi bakarken mutlu olan vatanda\u015flar\u0131m\u0131z Dat\u00e7a\u2019y\u0131 g\u00f6r\u00fcnce mutluluklar\u0131na mutluluk kat\u0131yorlar. \u0130n\u015fallah buradaki badem \u00e7i\u00e7eklerinin olu\u015fturdu\u011fu enerji Anadolumuza, g\u00f6n\u00fcl co\u011frafyam\u0131za da mutluluk getirir&#8221; ifadelerini kulland\u0131.<\/p>\n<p>Mu\u011fla Valisi \u0130dris Akb\u0131y\u0131k ise &#8220;Mu\u011flam\u0131z yery\u00fcz\u00fc cenneti. Bu cennetin en nadide k\u00f6\u015felerinden biri de Dat\u00e7a. Bug\u00fcn insanlar Anadolu\u2019da kar ile m\u00fccadele ederken, biz burada bahar\u0131 kar\u015f\u0131l\u0131yoruz&#8221; diye konu\u015farak festivalin haz\u0131rlanmas\u0131nda eme\u011fi ge\u00e7en herkese te\u015fekk\u00fcr etti.<\/p>\n<p>Konu\u015fmalar\u0131n ard\u0131ndan festival folklor g\u00f6sterisi ve yerel sanat\u00e7\u0131lar\u0131n konserleri ile devam etti.<br \/><\/p>\n","protected":false},"excerpt":{"rendered":"<p>Mu\u011fla\u2019n\u0131n Dat\u00e7a il\u00e7esinde ger\u00e7ekle\u015ftirilen Geleneksel Dat\u00e7a Badem \u00c7i\u00e7e\u011fi Festivali ikinci g\u00fcn\u00fcnde devam ediyor. Dat\u00e7a\u2019da geleneksel hale gelen ve 13-16 \u015eubat tarihleri aras\u0131nda ger\u00e7ekle\u015ftirilecek olan Badem \u00c7i\u00e7e\u011fi Festivali yo\u011fun kat\u0131l\u0131mla s\u00fcr\u00fcyor. Festival kapsam\u0131nda il\u00e7e genelinde birbirinden farkl\u0131 etkinliklerin d\u00fczenlenmesi beklenirken, 4 g\u00fcn s\u00fcrecek festivalin ikinci g\u00fcn\u00fc \u015eenkaya Kav\u015fa\u011f\u0131\u2019ndan ba\u015flayan kortej y\u00fcr\u00fcy\u00fc\u015f\u00fc ile devam etti. Protokol\u00fcn yan\u0131&#8230;<\/p>\n","protected":false},"author":1,"featured_media":18999,"comment_status":"open","ping_status":"open","sticky":false,"template":"","format":"standard","meta":{"_crdt_document":"","footnotes":""},"categories":[1],"tags":[],"class_list":["post-18998","post","type-post","status-publish","format-standard","has-post-thumbnail","hentry","category-guncel"],"_links":{"self":[{"href":"https:\/\/www.egemtv.com\/index.php?rest_route=\/wp\/v2\/posts\/18998","targetHints":{"allow":["GET"]}}],"collection":[{"href":"https:\/\/www.egemtv.com\/index.php?rest_route=\/wp\/v2\/posts"}],"about":[{"href":"https:\/\/www.egemtv.com\/index.php?rest_route=\/wp\/v2\/types\/post"}],"author":[{"embeddable":true,"href":"https:\/\/www.egemtv.com\/index.php?rest_route=\/wp\/v2\/users\/1"}],"replies":[{"embeddable":true,"href":"https:\/\/www.egemtv.com\/index.php?rest_route=%2Fwp%2Fv2%2Fcomments&post=18998"}],"version-history":[{"count":1,"href":"https:\/\/www.egemtv.com\/index.php?rest_route=\/wp\/v2\/posts\/18998\/revisions"}],"predecessor-version":[{"id":19000,"href":"https:\/\/www.egemtv.com\/index.php?rest_route=\/wp\/v2\/posts\/18998\/revisions\/19000"}],"wp:featuredmedia":[{"embeddable":true,"href":"https:\/\/www.egemtv.com\/index.php?rest_route=\/wp\/v2\/media\/18999"}],"wp:attachment":[{"href":"https:\/\/www.egemtv.com\/index.php?rest_route=%2Fwp%2Fv2%2Fmedia&parent=18998"}],"wp:term":[{"taxonomy":"category","embeddable":true,"href":"https:\/\/www.egemtv.com\/index.php?rest_route=%2Fwp%2Fv2%2Fcategories&post=18998"},{"taxonomy":"post_tag","embeddable":true,"href":"https:\/\/www.egemtv.com\/index.php?rest_route=%2Fwp%2Fv2%2Ftags&post=18998"}],"curies":[{"name":"wp","href":"https:\/\/api.w.org\/{rel}","templated":true}]}}