{"id":18992,"date":"2025-02-14T17:16:10","date_gmt":"2025-02-14T14:16:10","guid":{"rendered":"https:\/\/www.egemtv.com\/?p=18992"},"modified":"2025-02-14T17:16:13","modified_gmt":"2025-02-14T14:16:13","slug":"aydinda-ev-yangini","status":"publish","type":"post","link":"https:\/\/www.egemtv.com\/?p=18992","title":{"rendered":"Ayd\u0131n\u2019da ev yang\u0131n\u0131"},"content":{"rendered":"<p>Ayd\u0131n\u2019\u0131n Efeler il\u00e7esinde evde \u00e7\u0131kan yang\u0131n itfaiye ekipleri taraf\u0131ndan s\u00f6nd\u00fcr\u00fcld\u00fc.<\/p>\n<p>Yenik\u00f6y Mahallesi\u2019nde Suriyeli ailenin ya\u015fad\u0131\u011f\u0131 bir evde yang\u0131n \u00e7\u0131kt\u0131. Husam Elfelci\u2019ye ait evde hen\u00fcz bilinmeyen bir nedenle \u00e7\u0131kan yang\u0131n\u0131 g\u00f6renlerin ihbar\u0131 \u00fczerine b\u00f6lgeye itfaiye ekipleri sevk edildi. Yang\u0131n esnas\u0131nda evde bulunan 4 \u00e7ocuk \u00e7evredeki vatanda\u015flar taraf\u0131ndan kurtar\u0131ld\u0131. Dumandan etkilenen \u00e7ocuklara sa\u011fl\u0131k ekipleri m\u00fcdahale etti. \u0130tfaiye ekipleri ise alevlere m\u00fcdahale edip yang\u0131n\u0131 s\u00f6nd\u00fcrd\u00fc. Yang\u0131n evi kullan\u0131lmaz hale getirdi. Polis olayla ilgili inceleme ba\u015flatt\u0131.<br \/><\/p>\n","protected":false},"excerpt":{"rendered":"<p>Ayd\u0131n\u2019\u0131n Efeler il\u00e7esinde evde \u00e7\u0131kan yang\u0131n itfaiye ekipleri taraf\u0131ndan s\u00f6nd\u00fcr\u00fcld\u00fc. Yenik\u00f6y Mahallesi\u2019nde Suriyeli ailenin ya\u015fad\u0131\u011f\u0131 bir evde yang\u0131n \u00e7\u0131kt\u0131. Husam Elfelci\u2019ye ait evde hen\u00fcz bilinmeyen bir nedenle \u00e7\u0131kan yang\u0131n\u0131 g\u00f6renlerin ihbar\u0131 \u00fczerine b\u00f6lgeye itfaiye ekipleri sevk edildi. Yang\u0131n esnas\u0131nda evde bulunan 4 \u00e7ocuk \u00e7evredeki vatanda\u015flar taraf\u0131ndan kurtar\u0131ld\u0131. Dumandan etkilenen \u00e7ocuklara sa\u011fl\u0131k ekipleri m\u00fcdahale etti. \u0130tfaiye&#8230;<\/p>\n","protected":false},"author":1,"featured_media":18993,"comment_status":"open","ping_status":"open","sticky":false,"template":"","format":"standard","meta":{"_crdt_document":"","footnotes":""},"categories":[5],"tags":[],"class_list":["post-18992","post","type-post","status-publish","format-standard","has-post-thumbnail","hentry","category-asayis"],"_links":{"self":[{"href":"https:\/\/www.egemtv.com\/index.php?rest_route=\/wp\/v2\/posts\/18992","targetHints":{"allow":["GET"]}}],"collection":[{"href":"https:\/\/www.egemtv.com\/index.php?rest_route=\/wp\/v2\/posts"}],"about":[{"href":"https:\/\/www.egemtv.com\/index.php?rest_route=\/wp\/v2\/types\/post"}],"author":[{"embeddable":true,"href":"https:\/\/www.egemtv.com\/index.php?rest_route=\/wp\/v2\/users\/1"}],"replies":[{"embeddable":true,"href":"https:\/\/www.egemtv.com\/index.php?rest_route=%2Fwp%2Fv2%2Fcomments&post=18992"}],"version-history":[{"count":1,"href":"https:\/\/www.egemtv.com\/index.php?rest_route=\/wp\/v2\/posts\/18992\/revisions"}],"predecessor-version":[{"id":18994,"href":"https:\/\/www.egemtv.com\/index.php?rest_route=\/wp\/v2\/posts\/18992\/revisions\/18994"}],"wp:featuredmedia":[{"embeddable":true,"href":"https:\/\/www.egemtv.com\/index.php?rest_route=\/wp\/v2\/media\/18993"}],"wp:attachment":[{"href":"https:\/\/www.egemtv.com\/index.php?rest_route=%2Fwp%2Fv2%2Fmedia&parent=18992"}],"wp:term":[{"taxonomy":"category","embeddable":true,"href":"https:\/\/www.egemtv.com\/index.php?rest_route=%2Fwp%2Fv2%2Fcategories&post=18992"},{"taxonomy":"post_tag","embeddable":true,"href":"https:\/\/www.egemtv.com\/index.php?rest_route=%2Fwp%2Fv2%2Ftags&post=18992"}],"curies":[{"name":"wp","href":"https:\/\/api.w.org\/{rel}","templated":true}]}}