{"id":18989,"date":"2025-02-14T17:16:05","date_gmt":"2025-02-14T14:16:05","guid":{"rendered":"https:\/\/www.egemtv.com\/?p=18989"},"modified":"2025-02-14T17:16:10","modified_gmt":"2025-02-14T14:16:10","slug":"galatasaraylilar-aydinda-dernek-binasina-kavustu","status":"publish","type":"post","link":"https:\/\/www.egemtv.com\/?p=18989","title":{"rendered":"Galatasarayl\u0131lar, Ayd\u0131n\u2019da dernek binas\u0131na kavu\u015ftu"},"content":{"rendered":"<p>Ayd\u0131n Galatasaray Taraftarlar Derne\u011fi taraf\u0131ndan d\u00fczenlenen a\u00e7\u0131l\u0131\u015f t\u00f6reni ile sar\u0131-k\u0131rm\u0131z\u0131l\u0131lar dernek binas\u0131na kavu\u015furken, dernek binas\u0131na 5 y\u0131ld\u0131zl\u0131 tabela as\u0131ld\u0131.<br \/>\n<br \/>Ayd\u0131n\u2019da 2014 y\u0131l\u0131nda kurulan Galatasaray Taraftarlar Derne\u011fi y\u00f6neticileri, Sevgi Yolu\u2019nda a\u00e7\u0131lan yeni dernek ofisinde sar\u0131 k\u0131rm\u0131z\u0131 renklere g\u00f6n\u00fcl veren taraftarla bulu\u015ftu. 2025 y\u0131l\u0131n\u0131n Galatasaray kul\u00fcb\u00fc ve dernek i\u00e7in hay\u0131rl\u0131 olmas\u0131 temennisinde bulunan Ayd\u0131n Galatasaray Taraftarlar Derne\u011fi Ba\u015fkan\u0131 Fevzi Eryal\u00e7\u0131n, May\u0131s ay\u0131nda tak\u0131m\u0131n 25\u2019nci \u015fampiyonlu\u011funu derne\u011fin yeni ofisinde kutlamak istediklerini belirtti.<br \/>\n<br \/>Yeni ofislerinde Galatasaray ruhunu en iyi \u015fekilde yans\u0131tacaklar\u0131n\u0131 vurgulayan Eryal\u00e7\u0131n, &#8220;Ayd\u0131n\u2019da 2014 y\u0131l\u0131nda derne\u011fimizi kurduk. Bug\u00fcn 11 y\u0131l sonra lokasyon olarak kentin en g\u00fczel yerinde dernek binam\u0131z\u0131n a\u00e7\u0131l\u0131\u015f\u0131n\u0131 ger\u00e7ekle\u015ftirdik. Umut ediyorum dernek binam\u0131zda, gen\u00e7lere sosyal ve k\u00fclt\u00fcrel alanda Galatarasay ruhunu en iyi \u015fekilde yans\u0131tarak faaliyetlerimizi burada organize edece\u011fiz. \u015eehrin en g\u00fczel yerinde ofisimizin bulunmas\u0131 bizleri heyecanland\u0131rd\u0131. Tabelam\u0131z\u0131 ast\u0131k. Herkesin tak\u0131m\u0131m\u0131z\u0131 burada g\u00f6rece\u011fine inan\u0131yoruz. \u00d6n\u00fcm\u00fczdeki y\u0131llarda, hatta 2025 y\u0131l\u0131nda 25\u2019nci \u015fampiyonlu\u011fumuzu ilan ederek bayraklarla zaferimizi kutlayaca\u011f\u0131z&#8221; dedi.<br \/>\n<br \/>Konu\u015fman\u0131n ard\u0131ndan me\u015faleler yak\u0131l\u0131p tezah\u00fcratlar e\u015fli\u011finde kurdele kesilerek Ayd\u0131n Galatasaray Taraftarlar Derne\u011fi Ofisi\u2019nin a\u00e7\u0131l\u0131\u015f\u0131 ger\u00e7ekle\u015fti. Ofisin bulundu\u011fu binaya da sar\u0131 k\u0131rm\u0131z\u0131l\u0131 tak\u0131m logosuyla birlikte 5 y\u0131ld\u0131zl\u0131 tabela as\u0131ld\u0131. Sevgililer G\u00fcn\u00fc dolay\u0131s\u0131yla dernek y\u00f6netimi taraf\u0131ndan ayr\u0131ca vatanda\u015flara da \u2018sar\u0131 k\u0131rm\u0131z\u0131l\u0131\u2019 \u00e7i\u00e7ek hediye edildi.<br \/>\n<br \/>A\u00e7\u0131l\u0131\u015fa Ayd\u0131n Galatasaray Taraftarlar\u0131 Derne\u011fi Ba\u015fkan\u0131 Fevzi Eryal\u00e7\u0131n, Y\u00f6netim Kurulu \u00fcyesi ve OKT Trailer Genel M\u00fcd\u00fcr\u00fc Hakan Mara\u015f ile \u00e7ok say\u0131da davetli kat\u0131ld\u0131.<br \/><\/p>\n","protected":false},"excerpt":{"rendered":"<p>Ayd\u0131n Galatasaray Taraftarlar Derne\u011fi taraf\u0131ndan d\u00fczenlenen a\u00e7\u0131l\u0131\u015f t\u00f6reni ile sar\u0131-k\u0131rm\u0131z\u0131l\u0131lar dernek binas\u0131na kavu\u015furken, dernek binas\u0131na 5 y\u0131ld\u0131zl\u0131 tabela as\u0131ld\u0131. Ayd\u0131n\u2019da 2014 y\u0131l\u0131nda kurulan Galatasaray Taraftarlar Derne\u011fi y\u00f6neticileri, Sevgi Yolu\u2019nda a\u00e7\u0131lan yeni dernek ofisinde sar\u0131 k\u0131rm\u0131z\u0131 renklere g\u00f6n\u00fcl veren taraftarla bulu\u015ftu. 2025 y\u0131l\u0131n\u0131n Galatasaray kul\u00fcb\u00fc ve dernek i\u00e7in hay\u0131rl\u0131 olmas\u0131 temennisinde bulunan Ayd\u0131n Galatasaray Taraftarlar Derne\u011fi&#8230;<\/p>\n","protected":false},"author":1,"featured_media":18990,"comment_status":"open","ping_status":"open","sticky":false,"template":"","format":"standard","meta":{"_crdt_document":"","footnotes":""},"categories":[4],"tags":[],"class_list":["post-18989","post","type-post","status-publish","format-standard","has-post-thumbnail","hentry","category-spor"],"_links":{"self":[{"href":"https:\/\/www.egemtv.com\/index.php?rest_route=\/wp\/v2\/posts\/18989","targetHints":{"allow":["GET"]}}],"collection":[{"href":"https:\/\/www.egemtv.com\/index.php?rest_route=\/wp\/v2\/posts"}],"about":[{"href":"https:\/\/www.egemtv.com\/index.php?rest_route=\/wp\/v2\/types\/post"}],"author":[{"embeddable":true,"href":"https:\/\/www.egemtv.com\/index.php?rest_route=\/wp\/v2\/users\/1"}],"replies":[{"embeddable":true,"href":"https:\/\/www.egemtv.com\/index.php?rest_route=%2Fwp%2Fv2%2Fcomments&post=18989"}],"version-history":[{"count":1,"href":"https:\/\/www.egemtv.com\/index.php?rest_route=\/wp\/v2\/posts\/18989\/revisions"}],"predecessor-version":[{"id":18991,"href":"https:\/\/www.egemtv.com\/index.php?rest_route=\/wp\/v2\/posts\/18989\/revisions\/18991"}],"wp:featuredmedia":[{"embeddable":true,"href":"https:\/\/www.egemtv.com\/index.php?rest_route=\/wp\/v2\/media\/18990"}],"wp:attachment":[{"href":"https:\/\/www.egemtv.com\/index.php?rest_route=%2Fwp%2Fv2%2Fmedia&parent=18989"}],"wp:term":[{"taxonomy":"category","embeddable":true,"href":"https:\/\/www.egemtv.com\/index.php?rest_route=%2Fwp%2Fv2%2Fcategories&post=18989"},{"taxonomy":"post_tag","embeddable":true,"href":"https:\/\/www.egemtv.com\/index.php?rest_route=%2Fwp%2Fv2%2Ftags&post=18989"}],"curies":[{"name":"wp","href":"https:\/\/api.w.org\/{rel}","templated":true}]}}