{"id":18986,"date":"2025-02-14T17:15:59","date_gmt":"2025-02-14T14:15:59","guid":{"rendered":"https:\/\/www.egemtv.com\/?p=18986"},"modified":"2025-02-14T17:16:04","modified_gmt":"2025-02-14T14:16:04","slug":"baskan-okuzcuoglundan-ilk-karanfil-esine","status":"publish","type":"post","link":"https:\/\/www.egemtv.com\/?p=18986","title":{"rendered":"Ba\u015fkan \u00d6k\u00fczc\u00fco\u011flu\u2019ndan ilk karanfil e\u015fine"},"content":{"rendered":"<p>Manisa\u2019n\u0131n Ala\u015fehir il\u00e7esinde 14 \u015eubat Sevgililer G\u00fcn\u00fc dolay\u0131s\u0131yla belediye taraf\u0131ndan \u00e7e\u015fitli etkinlikler d\u00fczenlendi. Belediye Ba\u015fkan\u0131 Ahmet \u00d6k\u00fczc\u00fco\u011flu vatanda\u015flara karanfil da\u011f\u0131t\u0131rken, ilk \u00e7i\u00e7e\u011fi e\u015fi Selen \u00d6k\u00fczc\u00fco\u011flu\u2019na takdim etti.<br \/>\n<br \/>Ala\u015fehir Belediyesi K\u00fclt\u00fcr ve Sosyal \u0130\u015fler M\u00fcd\u00fcrl\u00fc\u011f\u00fc taraf\u0131ndan 14 \u015eubat Sevgililer G\u00fcn\u00fc etkinli\u011fi kapsam\u0131nda Cumhuriyet ve Demokrasi Meydan\u0131nda Foto\u011fraf Tak\u0131 kuruldu. Etkinlikte vatanda\u015flar, sevgililer, evli \u00e7iftler hat\u0131ra foto\u011fraf\u0131 \u00e7ektirdi. Ala\u015fehir Belediyesi etkinlik kapsam\u0131nda meydana ikram arac\u0131 yerle\u015ftirerek vatanda\u015flara \u00e7ay ve i\u00e7ecek ikram\u0131nda bulundu. Belediye Ba\u015fkan\u0131 Ahmet \u00d6k\u00fczc\u00fco\u011flu, vatanda\u015flara g\u00fcn\u00fcn\u00fcn anlam\u0131na \u00f6zel karanfil da\u011f\u0131t\u0131rken, ilk \u00e7i\u00e7e\u011fi e\u015fi Selen \u00d6k\u00fczc\u00fco\u011flu\u2019na takdim etti. Ala\u015fehir Belediyesi kendi fidanl\u0131k seras\u0131nda yeti\u015ftirdi\u011fi yakla\u015f\u0131k bin adet saks\u0131 \u00e7i\u00e7e\u011fini de g\u00fcn\u00fcn an\u0131s\u0131na vatanda\u015flara da\u011f\u0131tt\u0131.<br \/>\n<br \/>Etkinliklere kat\u0131lan Ala\u015fehir Belediye Ba\u015fkan\u0131 Selen \u00d6k\u00fczc\u00fco\u011flu, &#8220;Bu g\u00fcn Sevgililer G\u00fcn\u00fc birlikte ya\u015faman\u0131n en temel unsuru kar\u015f\u0131l\u0131kl\u0131 sevgi. Birbirinizi s\u0131n\u0131rs\u0131zca sevin. Sayg\u0131, sevgi ve ho\u015fg\u00f6r\u00fc olduktan sonra birliktelik oluyor. \u0130n\u015fallah d\u00fcnyay\u0131 sevgi kurtaracak. Sevgiyle kal\u0131n&#8221; dedi.<br \/><\/p>\n","protected":false},"excerpt":{"rendered":"<p>Manisa\u2019n\u0131n Ala\u015fehir il\u00e7esinde 14 \u015eubat Sevgililer G\u00fcn\u00fc dolay\u0131s\u0131yla belediye taraf\u0131ndan \u00e7e\u015fitli etkinlikler d\u00fczenlendi. Belediye Ba\u015fkan\u0131 Ahmet \u00d6k\u00fczc\u00fco\u011flu vatanda\u015flara karanfil da\u011f\u0131t\u0131rken, ilk \u00e7i\u00e7e\u011fi e\u015fi Selen \u00d6k\u00fczc\u00fco\u011flu\u2019na takdim etti. Ala\u015fehir Belediyesi K\u00fclt\u00fcr ve Sosyal \u0130\u015fler M\u00fcd\u00fcrl\u00fc\u011f\u00fc taraf\u0131ndan 14 \u015eubat Sevgililer G\u00fcn\u00fc etkinli\u011fi kapsam\u0131nda Cumhuriyet ve Demokrasi Meydan\u0131nda Foto\u011fraf Tak\u0131 kuruldu. Etkinlikte vatanda\u015flar, sevgililer, evli \u00e7iftler hat\u0131ra foto\u011fraf\u0131&#8230;<\/p>\n","protected":false},"author":1,"featured_media":18987,"comment_status":"open","ping_status":"open","sticky":false,"template":"","format":"standard","meta":{"_crdt_document":"","footnotes":""},"categories":[123],"tags":[],"class_list":["post-18986","post","type-post","status-publish","format-standard","has-post-thumbnail","hentry","category-gundem"],"_links":{"self":[{"href":"https:\/\/www.egemtv.com\/index.php?rest_route=\/wp\/v2\/posts\/18986","targetHints":{"allow":["GET"]}}],"collection":[{"href":"https:\/\/www.egemtv.com\/index.php?rest_route=\/wp\/v2\/posts"}],"about":[{"href":"https:\/\/www.egemtv.com\/index.php?rest_route=\/wp\/v2\/types\/post"}],"author":[{"embeddable":true,"href":"https:\/\/www.egemtv.com\/index.php?rest_route=\/wp\/v2\/users\/1"}],"replies":[{"embeddable":true,"href":"https:\/\/www.egemtv.com\/index.php?rest_route=%2Fwp%2Fv2%2Fcomments&post=18986"}],"version-history":[{"count":1,"href":"https:\/\/www.egemtv.com\/index.php?rest_route=\/wp\/v2\/posts\/18986\/revisions"}],"predecessor-version":[{"id":18988,"href":"https:\/\/www.egemtv.com\/index.php?rest_route=\/wp\/v2\/posts\/18986\/revisions\/18988"}],"wp:featuredmedia":[{"embeddable":true,"href":"https:\/\/www.egemtv.com\/index.php?rest_route=\/wp\/v2\/media\/18987"}],"wp:attachment":[{"href":"https:\/\/www.egemtv.com\/index.php?rest_route=%2Fwp%2Fv2%2Fmedia&parent=18986"}],"wp:term":[{"taxonomy":"category","embeddable":true,"href":"https:\/\/www.egemtv.com\/index.php?rest_route=%2Fwp%2Fv2%2Fcategories&post=18986"},{"taxonomy":"post_tag","embeddable":true,"href":"https:\/\/www.egemtv.com\/index.php?rest_route=%2Fwp%2Fv2%2Ftags&post=18986"}],"curies":[{"name":"wp","href":"https:\/\/api.w.org\/{rel}","templated":true}]}}