{"id":18983,"date":"2025-02-14T17:15:53","date_gmt":"2025-02-14T14:15:53","guid":{"rendered":"https:\/\/www.egemtv.com\/?p=18983"},"modified":"2025-02-14T17:15:59","modified_gmt":"2025-02-14T14:15:59","slug":"denizlide-yarali-bulunan-dogan-tedaviye-alindi","status":"publish","type":"post","link":"https:\/\/www.egemtv.com\/?p=18983","title":{"rendered":"Denizli\u2019de yaral\u0131 bulunan do\u011fan tedaviye al\u0131nd\u0131"},"content":{"rendered":"<p>Denizli\u2019nin Bozkurt il\u00e7esinde vatanda\u015flar taraf\u0131ndan yaral\u0131 halde bulunan do\u011fan, Honaz Milli Parklar ekibine teslim edildi. Sa\u011fl\u0131k kontrollerinden sonra do\u011fan tekrardan do\u011faya b\u0131rak\u0131laca\u011f\u0131 \u00f6\u011frenildi.<\/p>\n<p>Denizli\u2019de vatanda\u015flar taraf\u0131ndan yaral\u0131 halde bulunan do\u011fan, Do\u011fa Koruma ve Milli Parklar (DKMP)  ekiplerine teslim edildi. DKMP ekipleri taraf\u0131ndan teslim al\u0131nan do\u011fan, veteriner hekim taraf\u0131ndan muayene edildi. Tedavi alt\u0131na al\u0131nan do\u011fan\u0131n rehabilitasyon s\u00fcrecinin ard\u0131ndan tekrar do\u011fal ya\u015fam alan\u0131na sal\u0131naca\u011f\u0131 \u00f6\u011frenildi.<br \/><\/p>\n","protected":false},"excerpt":{"rendered":"<p>Denizli\u2019nin Bozkurt il\u00e7esinde vatanda\u015flar taraf\u0131ndan yaral\u0131 halde bulunan do\u011fan, Honaz Milli Parklar ekibine teslim edildi. Sa\u011fl\u0131k kontrollerinden sonra do\u011fan tekrardan do\u011faya b\u0131rak\u0131laca\u011f\u0131 \u00f6\u011frenildi. Denizli\u2019de vatanda\u015flar taraf\u0131ndan yaral\u0131 halde bulunan do\u011fan, Do\u011fa Koruma ve Milli Parklar (DKMP) ekiplerine teslim edildi. DKMP ekipleri taraf\u0131ndan teslim al\u0131nan do\u011fan, veteriner hekim taraf\u0131ndan muayene edildi. Tedavi alt\u0131na al\u0131nan do\u011fan\u0131n rehabilitasyon&#8230;<\/p>\n","protected":false},"author":1,"featured_media":18984,"comment_status":"open","ping_status":"open","sticky":false,"template":"","format":"standard","meta":{"_crdt_document":"","footnotes":""},"categories":[1],"tags":[],"class_list":["post-18983","post","type-post","status-publish","format-standard","has-post-thumbnail","hentry","category-guncel"],"_links":{"self":[{"href":"https:\/\/www.egemtv.com\/index.php?rest_route=\/wp\/v2\/posts\/18983","targetHints":{"allow":["GET"]}}],"collection":[{"href":"https:\/\/www.egemtv.com\/index.php?rest_route=\/wp\/v2\/posts"}],"about":[{"href":"https:\/\/www.egemtv.com\/index.php?rest_route=\/wp\/v2\/types\/post"}],"author":[{"embeddable":true,"href":"https:\/\/www.egemtv.com\/index.php?rest_route=\/wp\/v2\/users\/1"}],"replies":[{"embeddable":true,"href":"https:\/\/www.egemtv.com\/index.php?rest_route=%2Fwp%2Fv2%2Fcomments&post=18983"}],"version-history":[{"count":1,"href":"https:\/\/www.egemtv.com\/index.php?rest_route=\/wp\/v2\/posts\/18983\/revisions"}],"predecessor-version":[{"id":18985,"href":"https:\/\/www.egemtv.com\/index.php?rest_route=\/wp\/v2\/posts\/18983\/revisions\/18985"}],"wp:featuredmedia":[{"embeddable":true,"href":"https:\/\/www.egemtv.com\/index.php?rest_route=\/wp\/v2\/media\/18984"}],"wp:attachment":[{"href":"https:\/\/www.egemtv.com\/index.php?rest_route=%2Fwp%2Fv2%2Fmedia&parent=18983"}],"wp:term":[{"taxonomy":"category","embeddable":true,"href":"https:\/\/www.egemtv.com\/index.php?rest_route=%2Fwp%2Fv2%2Fcategories&post=18983"},{"taxonomy":"post_tag","embeddable":true,"href":"https:\/\/www.egemtv.com\/index.php?rest_route=%2Fwp%2Fv2%2Ftags&post=18983"}],"curies":[{"name":"wp","href":"https:\/\/api.w.org\/{rel}","templated":true}]}}