{"id":18980,"date":"2025-02-14T17:06:56","date_gmt":"2025-02-14T14:06:56","guid":{"rendered":"https:\/\/www.egemtv.com\/?p=18980"},"modified":"2025-02-14T17:07:01","modified_gmt":"2025-02-14T14:07:01","slug":"kesinlesmis-hapis-cezasi-bulunan-uc-kisi-yakalandi","status":"publish","type":"post","link":"https:\/\/www.egemtv.com\/?p=18980","title":{"rendered":"Kesinle\u015fmi\u015f hapis cezas\u0131 bulunan \u00fc\u00e7 ki\u015fi yakaland\u0131"},"content":{"rendered":"<p>Mu\u011fla \u0130l Jandarma Komutanl\u0131\u011f\u0131nca aranan \u015fah\u0131slar\u0131n yakalanmas\u0131na y\u00f6nelik yap\u0131lan \u00e7al\u0131\u015fmalarda Fethiye, Bodrum ve Marmaris il\u00e7elerinde \u00fc\u00e7 \u015fah\u0131s yakaland\u0131.<br \/>\n<br \/>Jandarma ekiplerinin \u00e7al\u0131\u015fmalar\u0131 sonras\u0131, Fethiye Ye\u015fil\u00fcz\u00fcml\u00fc Mahallesinde hakk\u0131nda h\u0131rs\u0131zl\u0131k su\u00e7undan 16 y\u0131l 2 ay 20 g\u00fcn, Bodrum Mumcular Mahallesinde \u2018A\u00e7\u0131kta b\u0131rak\u0131lm\u0131\u015f e\u015fya h\u0131rs\u0131zl\u0131k\u2019 su\u00e7undan 11 y\u0131l 29 g\u00fcn ve Marmaris il\u00e7esinde \u2018Kasten \u00f6ld\u00fcrme\u2019 su\u00e7undan 11 y\u0131l 7 ay kesinle\u015fmi\u015f hapis cezas\u0131 ile yakalama karar\u0131 bulunan C.K. yakaland\u0131.<br \/>\n<br \/>Haklar\u0131nda kesinle\u015fmi\u015f hapis cezas\u0131 bulunan ve yakalanan \u00fc\u00e7 \u015fah\u0131s, ceza tevkif evlerine teslim edildiler.<br \/><\/p>\n","protected":false},"excerpt":{"rendered":"<p>Mu\u011fla \u0130l Jandarma Komutanl\u0131\u011f\u0131nca aranan \u015fah\u0131slar\u0131n yakalanmas\u0131na y\u00f6nelik yap\u0131lan \u00e7al\u0131\u015fmalarda Fethiye, Bodrum ve Marmaris il\u00e7elerinde \u00fc\u00e7 \u015fah\u0131s yakaland\u0131. Jandarma ekiplerinin \u00e7al\u0131\u015fmalar\u0131 sonras\u0131, Fethiye Ye\u015fil\u00fcz\u00fcml\u00fc Mahallesinde hakk\u0131nda h\u0131rs\u0131zl\u0131k su\u00e7undan 16 y\u0131l 2 ay 20 g\u00fcn, Bodrum Mumcular Mahallesinde \u2018A\u00e7\u0131kta b\u0131rak\u0131lm\u0131\u015f e\u015fya h\u0131rs\u0131zl\u0131k\u2019 su\u00e7undan 11 y\u0131l 29 g\u00fcn ve Marmaris il\u00e7esinde \u2018Kasten \u00f6ld\u00fcrme\u2019 su\u00e7undan 11 y\u0131l 7&#8230;<\/p>\n","protected":false},"author":1,"featured_media":18981,"comment_status":"open","ping_status":"open","sticky":false,"template":"","format":"standard","meta":{"_crdt_document":"","footnotes":""},"categories":[5],"tags":[],"class_list":["post-18980","post","type-post","status-publish","format-standard","has-post-thumbnail","hentry","category-asayis"],"_links":{"self":[{"href":"https:\/\/www.egemtv.com\/index.php?rest_route=\/wp\/v2\/posts\/18980","targetHints":{"allow":["GET"]}}],"collection":[{"href":"https:\/\/www.egemtv.com\/index.php?rest_route=\/wp\/v2\/posts"}],"about":[{"href":"https:\/\/www.egemtv.com\/index.php?rest_route=\/wp\/v2\/types\/post"}],"author":[{"embeddable":true,"href":"https:\/\/www.egemtv.com\/index.php?rest_route=\/wp\/v2\/users\/1"}],"replies":[{"embeddable":true,"href":"https:\/\/www.egemtv.com\/index.php?rest_route=%2Fwp%2Fv2%2Fcomments&post=18980"}],"version-history":[{"count":1,"href":"https:\/\/www.egemtv.com\/index.php?rest_route=\/wp\/v2\/posts\/18980\/revisions"}],"predecessor-version":[{"id":18982,"href":"https:\/\/www.egemtv.com\/index.php?rest_route=\/wp\/v2\/posts\/18980\/revisions\/18982"}],"wp:featuredmedia":[{"embeddable":true,"href":"https:\/\/www.egemtv.com\/index.php?rest_route=\/wp\/v2\/media\/18981"}],"wp:attachment":[{"href":"https:\/\/www.egemtv.com\/index.php?rest_route=%2Fwp%2Fv2%2Fmedia&parent=18980"}],"wp:term":[{"taxonomy":"category","embeddable":true,"href":"https:\/\/www.egemtv.com\/index.php?rest_route=%2Fwp%2Fv2%2Fcategories&post=18980"},{"taxonomy":"post_tag","embeddable":true,"href":"https:\/\/www.egemtv.com\/index.php?rest_route=%2Fwp%2Fv2%2Ftags&post=18980"}],"curies":[{"name":"wp","href":"https:\/\/api.w.org\/{rel}","templated":true}]}}