{"id":18977,"date":"2025-02-14T17:01:33","date_gmt":"2025-02-14T14:01:33","guid":{"rendered":"https:\/\/www.egemtv.com\/?p=18977"},"modified":"2025-02-14T17:01:38","modified_gmt":"2025-02-14T14:01:38","slug":"selcuk-belediyesi-calisanlari-meryem-ana-evi-otoparki-icin-toplandi","status":"publish","type":"post","link":"https:\/\/www.egemtv.com\/?p=18977","title":{"rendered":"Sel\u00e7uk Belediyesi \u00e7al\u0131\u015fanlar\u0131 Meryem Ana Evi otopark\u0131 i\u00e7in topland\u0131"},"content":{"rendered":"<p>Sel\u00e7uk\u2019ta Meryem Ana Evi otopark\u0131 i\u015fletme ve gelirlerinin Sel\u00e7uk Belediyesinde kalmas\u0131 amac\u0131yla, \u2019y\u00fcr\u00fctmeyi durdurma\u2019 talebiyle mahkemeye yap\u0131lan ba\u015fvurudan ret karar\u0131 \u00e7\u0131kt\u0131. Belediye \u00f6n\u00fcnde toplanan \u00e7al\u0131\u015fanlar\u0131na hitap eden Belediye Ba\u015fkan\u0131 Filiz Cerito\u011flu Sengel, &#8220;Asl\u0131nda bir ara karar verildi. Ara karar bu \u015fekilde: \u2019Burada plan yoktur, otopark i\u015fletmesi yap\u0131lamaz\u2019. Mahkeme bana &#8220;Orada otopark i\u015fletemezsiniz&#8221; diyorsa, mahkeme bana art\u0131k g\u00f6rev vermi\u015ftir. \u00dcst derece mahkemeye gittik, gerekirse daha \u00fcst\u00fcne gidece\u011fiz&#8221; dedi.<br \/>\n<br \/>Uzun y\u0131llar Sel\u00e7uk Belediyesi taraf\u0131ndan i\u015fletilen Meryem Ana Tabiat Park\u0131 ziyaret\u00e7i otopark\u0131n\u0131n s\u00f6zle\u015fme s\u00fcresinin dolmas\u0131 \u00fczerine, Tar\u0131m ve Orman Bakanl\u0131\u011f\u0131n\u0131n belediyeye g\u00f6nderdi\u011fi tahliye tebligat\u0131 il\u00e7ede tepkiye neden olmu\u015ftu. Sel\u00e7uk Belediyesi, \u2019y\u00fcr\u00fctmeyi durdurma\u2019 talebiyle mahkemeye yapt\u0131\u011f\u0131 ba\u015fvurudan sonu\u00e7 alamad\u0131. Y\u00fcr\u00fctmeyi durdurma talebinin reddedilmesi \u00fczerine \u00e7al\u0131\u015fanlar belediye binas\u0131 \u00f6n\u00fcnde topland\u0131.<br \/>\n<br \/>Sel\u00e7uk Belediyesi emek\u00e7ileri ad\u0131na bas\u0131n a\u00e7\u0131klamas\u0131 yapan G\u00fclhan Ayhan, &#8220;Dimdik ayakta durmaya devam edece\u011fiz. Ba\u015fkan\u0131m\u0131zla birlikte m\u00fccadelemize devam edece\u011fiz. \u00c7\u00fcnk\u00fc bu kabul edilebilir bir sonu\u00e7 de\u011fildir.  Biz ekme\u011fimizden, a\u015f\u0131m\u0131zdan, Efes Sel\u00e7uk\u2019un gelece\u011finden vazge\u00e7medik, vazge\u00e7meyece\u011fiz&#8221; dedi.<\/p>\n<p>&#8220;Mahkeme belediyeye g\u00f6rev verdi&#8221;<br \/>\n<br \/>Mahkeme taraf\u0131ndan alanda plan olmad\u0131\u011f\u0131 gerek\u00e7esiyle otopark i\u015fletmesi yap\u0131lamayaca\u011f\u0131n\u0131n belirtildi\u011fini ifade eden Ba\u015fkan Cerito\u011flu Sengel, &#8220;Y\u00fcr\u00fctmeyi durdurma karar\u0131 d\u00fcn itibariyle \u015f\u00f6yle kesinle\u015fti, asl\u0131nda kesinle\u015fti de denmez bir ara karar verildi. Ara karar bu \u015fekilde: \u2019Burada plan yoktur. Otopark i\u015fletmesi yap\u0131lamaz\u2019. Belediye Ba\u015fkan\u0131 olarak, Efes Sel\u00e7uk Belediyesinin i\u015fletemedi\u011fi otopark ile ilgili mahkeme bana g\u00f6rev vermi\u015ftir, \u2019Kimse yapmas\u0131n\u2019 demi\u015ftir. \u00d6yleyse sorar\u0131m Bakanl\u0131\u011fa; \u2019Nerde otopark ruhsat\u0131n?\u2019 diye. Ruhsattan mesul olan Efes Sel\u00e7uk Belediyesidir. Hukuk devleti herkese e\u015fitse mahkeme bana \u2019Orada otopark i\u015fletemezsiniz\u2019 diyorsa, mahkeme bana art\u0131k g\u00f6rev vermi\u015ftir&#8221; \u015feklinde konu\u015ftu.<br \/>\n<br \/>M\u00fccadeleye devam edeceklerini vurgulayan Sengel, &#8220;Karar kesin de\u011fil. Y\u00fcr\u00fctmeyi durdurma talebimiz reddedildi. \u00dcst derece mahkemeye gittik. Gerekirse daha \u00fcst\u00fcne gidece\u011fiz. 22 Kas\u0131m\u2019da burada hep beraber y\u00fcr\u00fcy\u00fc\u015fe ba\u015flad\u0131k. Biz y\u00fcr\u00fcmeye devam ediyoruz. O hukuk kural\u0131 ve verilmi\u015f olan karar, nas\u0131l Efes Sel\u00e7uk Belediyesi\u2019ne verildiyse, b\u00fct\u00fcn kamu kurum ve kurulu\u015flar\u0131n\u0131 ba\u011flar&#8221; dedi.<br \/><\/p>\n","protected":false},"excerpt":{"rendered":"<p>Sel\u00e7uk\u2019ta Meryem Ana Evi otopark\u0131 i\u015fletme ve gelirlerinin Sel\u00e7uk Belediyesinde kalmas\u0131 amac\u0131yla, \u2019y\u00fcr\u00fctmeyi durdurma\u2019 talebiyle mahkemeye yap\u0131lan ba\u015fvurudan ret karar\u0131 \u00e7\u0131kt\u0131. Belediye \u00f6n\u00fcnde toplanan \u00e7al\u0131\u015fanlar\u0131na hitap eden Belediye Ba\u015fkan\u0131 Filiz Cerito\u011flu Sengel, &#8220;Asl\u0131nda bir ara karar verildi. Ara karar bu \u015fekilde: \u2019Burada plan yoktur, otopark i\u015fletmesi yap\u0131lamaz\u2019. Mahkeme bana &#8220;Orada otopark i\u015fletemezsiniz&#8221; diyorsa, mahkeme bana&#8230;<\/p>\n","protected":false},"author":1,"featured_media":18978,"comment_status":"open","ping_status":"open","sticky":false,"template":"","format":"standard","meta":{"_crdt_document":"","footnotes":""},"categories":[1],"tags":[],"class_list":["post-18977","post","type-post","status-publish","format-standard","has-post-thumbnail","hentry","category-guncel"],"_links":{"self":[{"href":"https:\/\/www.egemtv.com\/index.php?rest_route=\/wp\/v2\/posts\/18977","targetHints":{"allow":["GET"]}}],"collection":[{"href":"https:\/\/www.egemtv.com\/index.php?rest_route=\/wp\/v2\/posts"}],"about":[{"href":"https:\/\/www.egemtv.com\/index.php?rest_route=\/wp\/v2\/types\/post"}],"author":[{"embeddable":true,"href":"https:\/\/www.egemtv.com\/index.php?rest_route=\/wp\/v2\/users\/1"}],"replies":[{"embeddable":true,"href":"https:\/\/www.egemtv.com\/index.php?rest_route=%2Fwp%2Fv2%2Fcomments&post=18977"}],"version-history":[{"count":1,"href":"https:\/\/www.egemtv.com\/index.php?rest_route=\/wp\/v2\/posts\/18977\/revisions"}],"predecessor-version":[{"id":18979,"href":"https:\/\/www.egemtv.com\/index.php?rest_route=\/wp\/v2\/posts\/18977\/revisions\/18979"}],"wp:featuredmedia":[{"embeddable":true,"href":"https:\/\/www.egemtv.com\/index.php?rest_route=\/wp\/v2\/media\/18978"}],"wp:attachment":[{"href":"https:\/\/www.egemtv.com\/index.php?rest_route=%2Fwp%2Fv2%2Fmedia&parent=18977"}],"wp:term":[{"taxonomy":"category","embeddable":true,"href":"https:\/\/www.egemtv.com\/index.php?rest_route=%2Fwp%2Fv2%2Fcategories&post=18977"},{"taxonomy":"post_tag","embeddable":true,"href":"https:\/\/www.egemtv.com\/index.php?rest_route=%2Fwp%2Fv2%2Ftags&post=18977"}],"curies":[{"name":"wp","href":"https:\/\/api.w.org\/{rel}","templated":true}]}}