{"id":18971,"date":"2025-02-14T16:52:12","date_gmt":"2025-02-14T13:52:12","guid":{"rendered":"https:\/\/www.egemtv.com\/?p=18971"},"modified":"2025-02-14T16:52:18","modified_gmt":"2025-02-14T13:52:18","slug":"kuyucak-kaymakami-niyaziden-bilsem-ogrencilerine-hediye","status":"publish","type":"post","link":"https:\/\/www.egemtv.com\/?p=18971","title":{"rendered":"Kuyucak Kaymakam\u0131 Niyazi\u2019den B\u0130LSEM \u00f6\u011frencilerine hediye"},"content":{"rendered":"<p>Ayd\u0131n\u2019\u0131n Kuyucak il\u00e7esinde Kaymakam Fehmi Sinan Niyazi\u2019nin drone ve tablet hediyesi, Bilim ve Sanat Merkezi \u00f6\u011frencilerini mutlu etti.<\/p>\n<p>2022 y\u0131l\u0131 sonunda kurulan ve ge\u00e7en s\u00fcrede de 30\u2019un \u00fczerinde \u00f6\u011frenciye ula\u015fan Kuyucak Bilim ve Sanat Merkezi\u2019ne (B\u0130LSEM) \u0130l\u00e7e Kaymakam\u0131 Fehmi Sinan Niyazi\u2019nin deste\u011fi bir kez daha mutlu etti. Kuruldu\u011fu g\u00fcnden bu yana kurumla ili\u015fkilerini s\u00fcrd\u00fcrmeye devam eden Kaymakam Niyazi, ge\u00e7ti\u011fimiz y\u0131llarda okula ba\u015flayan her \u00f6\u011frenciye tablet hediye ederek deste\u011fini s\u00fcrd\u00fcrm\u00fc\u015ft\u00fc. Bu sene de \u00f6\u011frencilerin talebi \u00fczerine tabletlerin yan\u0131 s\u0131ra teknolojiyi yak\u0131ndan takip etmeleri ad\u0131na bir de drone hediye eden Kaymakam Niyazi, bir kez daha g\u00f6n\u00fcllerde taht kurdu.<\/p>\n<p>B\u0130LSEM\u2019in yeni \u00f6\u011frencileri, \u0130l\u00e7e Milli e\u011fitim M\u00fcd\u00fcr\u00fc Mehmet Karada\u011f ba\u015fta olmak \u00fczere Kurum M\u00fcd\u00fcr\u00fc Ali Kemal Sade, S\u0131n\u0131f \u00d6\u011fretmeni Aysun Bulut e\u015fli\u011finde Kaymakam Fehmi Sinan Niyazi\u2019ye te\u015fekk\u00fcr ziyaretinde bulundu. Ziyarette \u00f6\u011frencilerle keyifli vakit ge\u00e7iren Kaymakam Niyazi, Kurum M\u00fcd\u00fcr\u00fc Ali Kemal Sade\u2019den B\u0130LSEM\u2019de yap\u0131lan proje ve \u00e7al\u0131\u015fmalar hakk\u0131nda son bilgileri ald\u0131.<\/p>\n<p>&#8220;Kaymakam\u0131m\u0131z\u0131n deste\u011fini her zaman g\u00f6r\u00fcyoruz&#8221;<br \/>\n<br \/>Ziyaret ile ilgili bilgilendirmede bulunan \u0130l\u00e7e Milli E\u011fitim M\u00fcd\u00fcr\u00fc Mehmet Karada\u011f, &#8220;Kuyucak Bilim ve Sanat Merkezi 2022 sonunda kendisine ait binas\u0131yla il\u00e7emizde kuruldu ve 2023\u2019de ilk defa \u00f6\u011frenci al\u0131m\u0131 ger\u00e7ekle\u015ftirdi. 13 \u00f6\u011frenci ile ba\u015flayan B\u0130LSEM\u2019de yap\u0131lan ba\u015far\u0131l\u0131 \u00e7al\u0131\u015fmalarla \u00f6\u011frenci say\u0131s\u0131 \u015fu an 30\u2019un \u00fczerine \u00e7\u0131km\u0131\u015f durumda. Kuyucak, Karacasu ve Buharkent il\u00e7elerinin B\u0130LSEM \u00f6\u011frencileri il\u00e7emizde e\u011fitim g\u00f6r\u00fcyor. Bu sebeple sadece Kuyucak i\u00e7in de\u011fil di\u011fer il\u00e7elerimiz i\u00e7inde \u00e7ok \u00f6nemli olan kurumumuzu geli\u015ftirmek i\u00e7in \u00e7al\u0131\u015f\u0131yoruz. Kaymakam\u0131m\u0131z\u0131n da bu s\u00fcre\u00e7te bizlere \u00e7ok b\u00fcy\u00fck deste\u011fi oldu. \u00d6\u011frencilerimize tablet, kuruma da drone hediye ederek bilime olan deste\u011fini bir kez daha g\u00f6stermi\u015f oldu. Kendisine \u00e7ok te\u015fekk\u00fcr ediyoruz&#8221; ifadelerini kulland\u0131.<\/p>\n<p>&#8220;\u00d6\u011frencilerimiz teknolojiye \u015fimdiden hakim olmal\u0131&#8221;<br \/>\n<br \/>Bilim ve sanat\u0131n gelece\u011fi olan bu \u00f6\u011frencilerin k\u00fc\u00e7\u00fck ya\u015flardan itibaren s\u00fcrekli geli\u015fen teknolojiyi takip edip desteklenmesi gerekti\u011fine inand\u0131\u011f\u0131n\u0131 ifade eden kaymakam Fehmi Sinan Niyazi de &#8220;Bilim ve Sanat Merkezi \u00f6\u011frencilerinin gelece\u011fin teknolojilerine k\u00fc\u00e7\u00fck ya\u015flardan itibaren hakim olmas\u0131 gerekti\u011fini d\u00fc\u015f\u00fcn\u00fcyorum. Bu ama\u00e7la yapay zeka, robotik kodlama ve programlama gibi alanlarda derslerde yard\u0131mc\u0131 olmas\u0131 ad\u0131na ge\u00e7en y\u0131l da t\u00fcm \u00f6\u011frencilere tablet hediye etmi\u015ftik. Bu y\u0131l da yeni kazanan \u00f6\u011frencilere tablet vererek gelene\u011fi devam ettirdik. \u0130nsans\u0131z hava ara\u00e7lar\u0131n\u0131n g\u00fcn\u00fcm\u00fcz teknolojisinde ki \u00f6nemi yads\u0131namaz. Bu teknolojilerin ilerde \u00e7ok daha b\u00fcy\u00fck \u00f6neme sahip olaca\u011f\u0131 ku\u015fkusuz. Bu teknolojilerin \u015fimdiden Bilim ve Sanat Merkezi \u00d6\u011frencileri taraf\u0131ndan \u00f6\u011frenilmesi ve kullan\u0131lmas\u0131 amac\u0131yla drone hediye ettik&#8221; dedi.<br \/><\/p>\n","protected":false},"excerpt":{"rendered":"<p>Ayd\u0131n\u2019\u0131n Kuyucak il\u00e7esinde Kaymakam Fehmi Sinan Niyazi\u2019nin drone ve tablet hediyesi, Bilim ve Sanat Merkezi \u00f6\u011frencilerini mutlu etti. 2022 y\u0131l\u0131 sonunda kurulan ve ge\u00e7en s\u00fcrede de 30\u2019un \u00fczerinde \u00f6\u011frenciye ula\u015fan Kuyucak Bilim ve Sanat Merkezi\u2019ne (B\u0130LSEM) \u0130l\u00e7e Kaymakam\u0131 Fehmi Sinan Niyazi\u2019nin deste\u011fi bir kez daha mutlu etti. Kuruldu\u011fu g\u00fcnden bu yana kurumla ili\u015fkilerini s\u00fcrd\u00fcrmeye devam&#8230;<\/p>\n","protected":false},"author":1,"featured_media":18972,"comment_status":"open","ping_status":"open","sticky":false,"template":"","format":"standard","meta":{"_crdt_document":"","footnotes":""},"categories":[1],"tags":[],"class_list":["post-18971","post","type-post","status-publish","format-standard","has-post-thumbnail","hentry","category-guncel"],"_links":{"self":[{"href":"https:\/\/www.egemtv.com\/index.php?rest_route=\/wp\/v2\/posts\/18971","targetHints":{"allow":["GET"]}}],"collection":[{"href":"https:\/\/www.egemtv.com\/index.php?rest_route=\/wp\/v2\/posts"}],"about":[{"href":"https:\/\/www.egemtv.com\/index.php?rest_route=\/wp\/v2\/types\/post"}],"author":[{"embeddable":true,"href":"https:\/\/www.egemtv.com\/index.php?rest_route=\/wp\/v2\/users\/1"}],"replies":[{"embeddable":true,"href":"https:\/\/www.egemtv.com\/index.php?rest_route=%2Fwp%2Fv2%2Fcomments&post=18971"}],"version-history":[{"count":1,"href":"https:\/\/www.egemtv.com\/index.php?rest_route=\/wp\/v2\/posts\/18971\/revisions"}],"predecessor-version":[{"id":18973,"href":"https:\/\/www.egemtv.com\/index.php?rest_route=\/wp\/v2\/posts\/18971\/revisions\/18973"}],"wp:featuredmedia":[{"embeddable":true,"href":"https:\/\/www.egemtv.com\/index.php?rest_route=\/wp\/v2\/media\/18972"}],"wp:attachment":[{"href":"https:\/\/www.egemtv.com\/index.php?rest_route=%2Fwp%2Fv2%2Fmedia&parent=18971"}],"wp:term":[{"taxonomy":"category","embeddable":true,"href":"https:\/\/www.egemtv.com\/index.php?rest_route=%2Fwp%2Fv2%2Fcategories&post=18971"},{"taxonomy":"post_tag","embeddable":true,"href":"https:\/\/www.egemtv.com\/index.php?rest_route=%2Fwp%2Fv2%2Ftags&post=18971"}],"curies":[{"name":"wp","href":"https:\/\/api.w.org\/{rel}","templated":true}]}}