{"id":18968,"date":"2025-02-14T16:31:45","date_gmt":"2025-02-14T13:31:45","guid":{"rendered":"https:\/\/www.egemtv.com\/?p=18968"},"modified":"2025-02-14T16:31:50","modified_gmt":"2025-02-14T13:31:50","slug":"honaz-belediye-baskani-kepenek-sevgililer-gununde-vatandaslara-cicek-hediye-etti","status":"publish","type":"post","link":"https:\/\/www.egemtv.com\/?p=18968","title":{"rendered":"Honaz Belediye Ba\u015fkan\u0131 Kepenek Sevgililer G\u00fcn\u00fcnde vatanda\u015flara \u00e7i\u00e7ek hediye etti"},"content":{"rendered":"<p>Denizli\u2019nin Honaz il\u00e7esinde Honaz Belediye Ba\u015fkan\u0131 Y\u00fcksel Kepenek, 14 \u015eubat Sevgililer G\u00fcn\u00fcnde Kocaba\u015f \u00dcmm\u00fc G\u00fcls\u00fcm Yusuf Kaya Ya\u015fl\u0131 Rehabilitasyon Merkezi ve Sosyal Tesislerdeki vatanda\u015flara \u00e7i\u00e7ek hediye etti. Vatanda\u015flarla bir araya gelen Ba\u015fkan Kepenek, &#8220;Sevgi g\u00fcn\u00fcnde b\u00fcy\u00fcklerimizle birlikteyiz. Bu anlaml\u0131 g\u00fcnde Koca \u00c7\u0131narlar\u0131m\u0131zla Honaz Belediyesi Kocaba\u015f \u00dcmm\u00fc G\u00fcls\u00fcm Yusuf Kaya Ya\u015fl\u0131 Rehabilitasyon Merkezi ve Sosyal Tesisimizde bulu\u015ftuk&#8221; dedi.<\/p>\n<p>Honaz Belediye Ba\u015fkan\u0131 Y\u00fcksel Kepenek 14 \u015eubat Sevgililer G\u00fcn\u00fcnde vatanda\u015flarla bir araya geldi. Honaz Belediyesi Kocaba\u015f \u00dcmm\u00fc G\u00fcls\u00fcm Yusuf Kaya Ya\u015fl\u0131 Rehabilitasyon Merkezi ve Sosyal Tesiste vatanda\u015flarla bir araya gelen Ba\u015fkan Kepenek, vatanda\u015flara \u00e7i\u00e7ek hediye etti. Ayn\u0131 zamanda vatanda\u015flarla keyifli sohbetler eden Ba\u015fkan Kepenek 14 \u015eubat Sevgililer G\u00fcn\u00fcn\u00fc kutlad\u0131.<\/p>\n<p>&#8220;Sevgi g\u00fcn\u00fcnde b\u00fcy\u00fcklerimizle birlikteyiz&#8221;<br \/>\n<br \/>Ya\u015fl\u0131 Rehabilitasyon Merkezinde vatanda\u015flarla bulu\u015fan ve keyifli anlar ge\u00e7irdi\u011fini belirten Honaz Belediye Ba\u015fkan\u0131 Y\u00fcksel Kepenek, &#8220;Sevgi g\u00fcn\u00fcnde b\u00fcy\u00fcklerimizle birlikteyiz. Bu anlaml\u0131 g\u00fcnde Koca \u00c7\u0131narlar\u0131m\u0131zla Honaz Belediyesi Kocaba\u015f \u00dcmm\u00fc G\u00fcls\u00fcm Yusuf Kaya Ya\u015fl\u0131 Rehabilitasyon Merkezi ve Sosyal Tesisimizde bulu\u015ftuk. Keyifli sohbetler yapt\u0131k, etkinliklerine dahil olduk. Sevginin, ho\u015fg\u00f6r\u00fcn\u00fcn, g\u00fcler y\u00fcz\u00fcn en g\u00fczel an\u0131n\u0131 b\u00fcy\u00fcklerimizle ya\u015fad\u0131k. Ge\u00e7mi\u015fimizi unutmadan ya\u015f alm\u0131\u015f b\u00fcy\u00fcklerimizle birlikte Honaz\u2019\u0131m\u0131z\u0131n gelece\u011fine \u0131\u015f\u0131k tutuyoruz. 14 \u015eubat Sevgililer G\u00fcn\u00fcm\u00fcz kutlu olsun&#8221; dedi.<br \/><\/p>\n","protected":false},"excerpt":{"rendered":"<p>Denizli\u2019nin Honaz il\u00e7esinde Honaz Belediye Ba\u015fkan\u0131 Y\u00fcksel Kepenek, 14 \u015eubat Sevgililer G\u00fcn\u00fcnde Kocaba\u015f \u00dcmm\u00fc G\u00fcls\u00fcm Yusuf Kaya Ya\u015fl\u0131 Rehabilitasyon Merkezi ve Sosyal Tesislerdeki vatanda\u015flara \u00e7i\u00e7ek hediye etti. Vatanda\u015flarla bir araya gelen Ba\u015fkan Kepenek, &#8220;Sevgi g\u00fcn\u00fcnde b\u00fcy\u00fcklerimizle birlikteyiz. Bu anlaml\u0131 g\u00fcnde Koca \u00c7\u0131narlar\u0131m\u0131zla Honaz Belediyesi Kocaba\u015f \u00dcmm\u00fc G\u00fcls\u00fcm Yusuf Kaya Ya\u015fl\u0131 Rehabilitasyon Merkezi ve Sosyal Tesisimizde&#8230;<\/p>\n","protected":false},"author":1,"featured_media":18969,"comment_status":"open","ping_status":"open","sticky":false,"template":"","format":"standard","meta":{"_crdt_document":"","footnotes":""},"categories":[123],"tags":[],"class_list":["post-18968","post","type-post","status-publish","format-standard","has-post-thumbnail","hentry","category-gundem"],"_links":{"self":[{"href":"https:\/\/www.egemtv.com\/index.php?rest_route=\/wp\/v2\/posts\/18968","targetHints":{"allow":["GET"]}}],"collection":[{"href":"https:\/\/www.egemtv.com\/index.php?rest_route=\/wp\/v2\/posts"}],"about":[{"href":"https:\/\/www.egemtv.com\/index.php?rest_route=\/wp\/v2\/types\/post"}],"author":[{"embeddable":true,"href":"https:\/\/www.egemtv.com\/index.php?rest_route=\/wp\/v2\/users\/1"}],"replies":[{"embeddable":true,"href":"https:\/\/www.egemtv.com\/index.php?rest_route=%2Fwp%2Fv2%2Fcomments&post=18968"}],"version-history":[{"count":1,"href":"https:\/\/www.egemtv.com\/index.php?rest_route=\/wp\/v2\/posts\/18968\/revisions"}],"predecessor-version":[{"id":18970,"href":"https:\/\/www.egemtv.com\/index.php?rest_route=\/wp\/v2\/posts\/18968\/revisions\/18970"}],"wp:featuredmedia":[{"embeddable":true,"href":"https:\/\/www.egemtv.com\/index.php?rest_route=\/wp\/v2\/media\/18969"}],"wp:attachment":[{"href":"https:\/\/www.egemtv.com\/index.php?rest_route=%2Fwp%2Fv2%2Fmedia&parent=18968"}],"wp:term":[{"taxonomy":"category","embeddable":true,"href":"https:\/\/www.egemtv.com\/index.php?rest_route=%2Fwp%2Fv2%2Fcategories&post=18968"},{"taxonomy":"post_tag","embeddable":true,"href":"https:\/\/www.egemtv.com\/index.php?rest_route=%2Fwp%2Fv2%2Ftags&post=18968"}],"curies":[{"name":"wp","href":"https:\/\/api.w.org\/{rel}","templated":true}]}}