{"id":18953,"date":"2025-02-14T16:08:12","date_gmt":"2025-02-14T13:08:12","guid":{"rendered":"https:\/\/www.egemtv.com\/?p=18953"},"modified":"2025-02-14T16:08:21","modified_gmt":"2025-02-14T13:08:21","slug":"buyuksehir-6-kisa-mola-merkezini-datcada-acti","status":"publish","type":"post","link":"https:\/\/www.egemtv.com\/?p=18953","title":{"rendered":"B\u00fcy\u00fck\u015fehir 6. K\u0131sa Mola Merkezi\u2019ni Dat\u00e7a\u2019da a\u00e7t\u0131"},"content":{"rendered":"<p>Sosyal belediyecilik alan\u0131nda vatanda\u015f odakl\u0131 hizmetleri ile T\u00fcrkiye\u2019de ilkleri ger\u00e7ekle\u015ftiren Mu\u011fla B\u00fcy\u00fck\u015fehir Belediyesi, engelli bireylerin ailelerine destek sa\u011flamak ve engellilerin birlikte keyifli vakit ge\u00e7irmeleri amac\u0131yla hayata ge\u00e7irdi\u011fi K\u0131sa Mola Merkezleri\u2019ne bir yenisini daha ekledi.<br \/>\n<br \/>B\u00fcy\u00fck\u015fehir Belediyesi haz\u0131rl\u0131klar\u0131 tamamlanan Dat\u00e7a K\u0131sa Mola Merkezini B\u00fcy\u00fck\u015fehir Belediye Ba\u015fkan\u0131 Ahmet Aras\u2019\u0131n kat\u0131ld\u0131\u011f\u0131 t\u00f6renle a\u00e7t\u0131. Mu\u011fla B\u00fcy\u00fck\u015fehir Belediyesi taraf\u0131ndan engelli bireylerin ailelerine destek sa\u011flamak amac\u0131yla a\u00e7\u0131lan K\u0131sa Mola Merkezleri Mente\u015fe, Milas, Fethiye, Marmaris, Bodrum\u2019un ard\u0131ndan Dat\u00e7a il\u00e7esinde de faaliyete ba\u015flad\u0131. B\u00fcy\u00fck\u015fehir Belediyesi Yata\u011fan, Ortaca ve Dalaman il\u00e7elerinde de k\u0131sa mola merkezi a\u00e7\u0131lmas\u0131 i\u00e7in \u00e7al\u0131\u015fmalar\u0131na devam ediyor.<br \/>\n<br \/>A\u00e7\u0131l\u0131\u015f\u0131 yap\u0131lan Dat\u00e7a K\u0131sa Mola Merkezi\u2019nde Engelli Ailelerine K\u0131sa Mola Hizmetinin yan\u0131 s\u0131ra Sosyal Hizmet At\u00f6lyesi, K\u0131rsaldaki \u00c7\u0131narlar Hizmeti ve Sosyal Yard\u0131m hizmetleri de verilecek. Engelli bireylere ve ailelerine nefes ald\u0131rmay\u0131, e\u011fitimde ve sosyal hayatta f\u0131rsat e\u015fitli\u011fini sa\u011flamay\u0131 ama\u00e7layan k\u0131sa mola merkezlerinden bug\u00fcne kadar 439 aile 9 bin 172 defa yararland\u0131.<br \/>\n<br \/>Sultan Gencel: &#8220;K\u0131sa Mola Merkezi sayesinde k\u0131z\u0131m sosyalle\u015febiliyor&#8221;<br \/>\n<br \/>Engelli ailelerini temsilen konu\u015fan Sultan Gencel, &#8220;Ben 4 y\u0131ld\u0131r Marmaris K\u0131sa Mola Merkezi\u2019ni kullan\u0131yorum. Dat\u00e7a\u2019ya a\u00e7\u0131ld\u0131\u011f\u0131 i\u00e7in mutluyum. \u00d6nceden k\u0131z\u0131m \u00e7ocuklar ile oyuncak payla\u015fm\u0131yordu \u015fimdi ise payla\u015fmaya ba\u015flad\u0131. K\u0131sa mola merkezi sayesinde k\u0131z\u0131m sosyalle\u015febiliyor. K\u0131sa mola merkezleri i\u00e7in Mu\u011fla B\u00fcy\u00fck\u015fehir Belediye Ba\u015fkan\u0131m\u0131z Ahmet Aras\u2019a \u00e7ok te\u015fekk\u00fcr ederim&#8221; diye konu\u015ftu.<br \/>\n<br \/>G\u00fcl Tamer \u00c7etin: &#8220;Bizim i\u00e7in bir nefes alma yeri oldu&#8221;<br \/>\n<br \/>Engelli ailelerini temsilen konu\u015fan G\u00fcl Tamer \u00c7etin, &#8220;K\u0131sa mola merkezi bizim i\u00e7in bir nefes alma yeri oldu. Ben bir anne olarak k\u0131sa mola merkezinin faydalar\u0131n\u0131 \u00e7ok g\u00f6r\u00fcyorum. Belediyemize de bu konuda bize verdi\u011fi destek i\u00e7in ba\u015fta Mu\u011fla B\u00fcy\u00fck\u015fehir Belediye Ba\u015fkan\u0131m\u0131z Ahmet Aras olmak \u00fczere herkese te\u015fekk\u00fcr ediyorum&#8221; dedi.<br \/>\n<br \/>Ba\u015fkan Aras: &#8220;Mu\u011fla\u2019da her yapt\u0131\u011f\u0131m\u0131z i\u015fin temelinde e\u015fitlik var&#8221;<br \/>\n<br \/>\u0130l genelinde K\u0131sa Mola Merkezi say\u0131s\u0131n\u0131 artt\u0131racaklar\u0131n\u0131 kaydeden K\u0131y\u0131 Ege Belediyeler Birli\u011fi ve Mu\u011fla B\u00fcy\u00fck\u015fehir Belediye Ba\u015fkan\u0131 Ahmet Aras, &#8220;Bug\u00fcn burada K\u0131sa Mola Merkezlerimizin 6\u2019nc\u0131s\u0131n\u0131 a\u00e7\u0131yoruz. 3 il\u00e7emizde K\u0131sa Mola Merkezi a\u00e7mak i\u00e7in \u00e7al\u0131\u015fmalar\u0131m\u0131z devam ediyor. Mu\u011fla\u2019da her yapt\u0131\u011f\u0131m\u0131z i\u015fin temelinde e\u015fitlik var. Hi\u00e7bir grubu birbirinden ay\u0131rm\u0131yoruz. Bug\u00fcn burada a\u00e7\u0131lan bu birim bir l\u00fctuf de\u011fil, toplumun e\u015fitlik temelinde anayasal hakk\u0131d\u0131r. Bu hizmeti yapmamak ele\u015ftirilmeli yapmak y\u00fcceltilmemelidir. Engelli bireylerimizin fiziksel ihtiya\u00e7lar\u0131m\u0131z\u0131n \u00f6tesinde, onurlu bir ya\u015fam hakk\u0131 i\u00e7in m\u00fccadelemizi s\u00fcrd\u00fcrece\u011fiz. Daha adil, e\u015fit ve \u00f6zg\u00fcr bir toplum in\u015fa etme kararl\u0131l\u0131\u011f\u0131yla yolumuza devam edece\u011fiz&#8221; dedi.<br \/>\n<br \/>Ba\u015fkan Aras: &#8220;Her il\u00e7emizin ihtiyac\u0131na g\u00f6re yat\u0131r\u0131mlar yap\u0131yoruz&#8221;<br \/>\n<br \/>B\u00fcy\u00fck\u015fehir Belediyesi olarak il\u00e7e belediyeleri ile i\u015f birli\u011fi i\u00e7in de \u00e7al\u0131\u015ft\u0131klar\u0131na de\u011finen Ba\u015ftan Aras, e\u015fit hizmet politikas\u0131yla her il\u00e7enin ihtiya\u00e7lar\u0131na y\u00f6nelik yat\u0131r\u0131mlara devam edeceklerini belirtti.<br \/>\n<br \/>Ba\u015fkan Aras, &#8220;Bir kuru\u015f kamu kayna\u011f\u0131n\u0131 israf etmeden her il\u00e7emizin ihtiyac\u0131na g\u00f6re yat\u0131r\u0131mlar yap\u0131yoruz. B\u00fcy\u00fck\u015fehir il\u00e7e belediyesi ayr\u0131m\u0131 yapmadan her il\u00e7emizle i\u015fbirli\u011fi i\u00e7inde \u00e7al\u0131\u015f\u0131yoruz. \u015eu anda 3 olan kre\u015f say\u0131m\u0131z\u0131 k\u0131sa s\u00fcre i\u00e7erisinde 6\u2019ya \u00e7\u0131karaca\u011f\u0131z. K\u0131sa mola merkezlerinden kre\u015flere ya\u015fl\u0131 bak\u0131mevlerinden k\u00fclt\u00fcrel alanlara halk\u0131n ihtiya\u00e7lar\u0131na y\u00f6nelik tesisler a\u00e7maya devam edece\u011fiz.<br \/>\n<br \/>Dat\u00e7a\u2019da \u00f6nemli \u00e7al\u0131\u015fmalar y\u00fcr\u00fct\u00fcyoruz. Bet\u00e7e i\u00e7me suyu projemiz \u00e7ok k\u0131sa bir zaman sonra tamamlanacak, bu b\u00f6lgemizde suya kavu\u015facak. Alt ve \u00fcstyap\u0131dan ya\u015fam merkezlerine her alanda Dat\u00e7a halk\u0131n\u0131n ihtiya\u00e7lar\u0131na y\u00f6nelik \u00e7al\u0131\u015fmalar\u0131m\u0131z\u0131 yapmaya devam edece\u011fiz. Bu g\u00fczel tesisimizin t\u00fcm Dat\u00e7a\u2019ya hay\u0131rl\u0131 u\u011furlu olmas\u0131n\u0131 diliyorum&#8221; diye konu\u015ftu.<br \/><\/p>\n","protected":false},"excerpt":{"rendered":"<p>Sosyal belediyecilik alan\u0131nda vatanda\u015f odakl\u0131 hizmetleri ile T\u00fcrkiye\u2019de ilkleri ger\u00e7ekle\u015ftiren Mu\u011fla B\u00fcy\u00fck\u015fehir Belediyesi, engelli bireylerin ailelerine destek sa\u011flamak ve engellilerin birlikte keyifli vakit ge\u00e7irmeleri amac\u0131yla hayata ge\u00e7irdi\u011fi K\u0131sa Mola Merkezleri\u2019ne bir yenisini daha ekledi. B\u00fcy\u00fck\u015fehir Belediyesi haz\u0131rl\u0131klar\u0131 tamamlanan Dat\u00e7a K\u0131sa Mola Merkezini B\u00fcy\u00fck\u015fehir Belediye Ba\u015fkan\u0131 Ahmet Aras\u2019\u0131n kat\u0131ld\u0131\u011f\u0131 t\u00f6renle a\u00e7t\u0131. Mu\u011fla B\u00fcy\u00fck\u015fehir Belediyesi taraf\u0131ndan engelli&#8230;<\/p>\n","protected":false},"author":1,"featured_media":18954,"comment_status":"open","ping_status":"open","sticky":false,"template":"","format":"standard","meta":{"_crdt_document":"","footnotes":""},"categories":[123],"tags":[],"class_list":["post-18953","post","type-post","status-publish","format-standard","has-post-thumbnail","hentry","category-gundem"],"_links":{"self":[{"href":"https:\/\/www.egemtv.com\/index.php?rest_route=\/wp\/v2\/posts\/18953","targetHints":{"allow":["GET"]}}],"collection":[{"href":"https:\/\/www.egemtv.com\/index.php?rest_route=\/wp\/v2\/posts"}],"about":[{"href":"https:\/\/www.egemtv.com\/index.php?rest_route=\/wp\/v2\/types\/post"}],"author":[{"embeddable":true,"href":"https:\/\/www.egemtv.com\/index.php?rest_route=\/wp\/v2\/users\/1"}],"replies":[{"embeddable":true,"href":"https:\/\/www.egemtv.com\/index.php?rest_route=%2Fwp%2Fv2%2Fcomments&post=18953"}],"version-history":[{"count":1,"href":"https:\/\/www.egemtv.com\/index.php?rest_route=\/wp\/v2\/posts\/18953\/revisions"}],"predecessor-version":[{"id":18955,"href":"https:\/\/www.egemtv.com\/index.php?rest_route=\/wp\/v2\/posts\/18953\/revisions\/18955"}],"wp:featuredmedia":[{"embeddable":true,"href":"https:\/\/www.egemtv.com\/index.php?rest_route=\/wp\/v2\/media\/18954"}],"wp:attachment":[{"href":"https:\/\/www.egemtv.com\/index.php?rest_route=%2Fwp%2Fv2%2Fmedia&parent=18953"}],"wp:term":[{"taxonomy":"category","embeddable":true,"href":"https:\/\/www.egemtv.com\/index.php?rest_route=%2Fwp%2Fv2%2Fcategories&post=18953"},{"taxonomy":"post_tag","embeddable":true,"href":"https:\/\/www.egemtv.com\/index.php?rest_route=%2Fwp%2Fv2%2Ftags&post=18953"}],"curies":[{"name":"wp","href":"https:\/\/api.w.org\/{rel}","templated":true}]}}