{"id":18947,"date":"2025-02-14T15:38:13","date_gmt":"2025-02-14T12:38:13","guid":{"rendered":"https:\/\/www.egemtv.com\/?p=18947"},"modified":"2025-02-14T15:38:20","modified_gmt":"2025-02-14T12:38:20","slug":"isparta-belediyesi-koy-okullarinda-sifir-atik-egitimi-veriyor","status":"publish","type":"post","link":"https:\/\/www.egemtv.com\/?p=18947","title":{"rendered":"Isparta Belediyesi k\u00f6y okullar\u0131nda s\u0131f\u0131r at\u0131k e\u011fitimi veriyor"},"content":{"rendered":"<p>Isparta Belediyesi, \u015fehir merkezinde ger\u00e7ekle\u015ftirdi\u011fi at\u0131k pil toplama kampanyas\u0131na k\u00f6y okullar\u0131n\u0131 da dahil etti. K\u00f6y okullar\u0131nda s\u0131f\u0131r at\u0131k konusunda e\u011fitimler verilirken, at\u0131k piller de toplan\u0131yor.<br \/>\n<br \/>Isparta Belediyesi \u0130klim De\u011fi\u015fikli\u011fi ve S\u0131f\u0131r At\u0131k M\u00fcd\u00fcrl\u00fc\u011f\u00fc ge\u00e7en y\u0131llarda oldu\u011fu gibi 2024-2025 e\u011fitim \u00f6\u011fretim y\u0131l\u0131nda da \u015fehirdeki okullarda s\u0131f\u0131r at\u0131k kapsam\u0131nda pil toplama kampanyas\u0131 ba\u015flatm\u0131\u015ft\u0131. Belediye Ba\u015fkan\u0131 \u015e\u00fckr\u00fc Ba\u015fde\u011firmen\u2019in talimatlar\u0131yla at\u0131k pil toplama kampanyas\u0131na k\u00f6y okullar\u0131 da dahil edildi. Kampanyada okullarda at\u0131k piller toplan\u0131rken, at\u0131k pil toplayan okullara y\u0131l sonunda hediyeler verilecek. Ge\u00e7en e\u011fitim \u00f6\u011fretim y\u0131l\u0131nda okullardan toplam bin 215 kilogram at\u0131k pil topland\u0131. Bu y\u0131l i\u00e7in ise daha fazla at\u0131k pil toplanmas\u0131 hedefleniyor.<br \/>\n<br \/>Isparta Belediyesi \u0130klim De\u011fi\u015fikli\u011fi ve S\u0131f\u0131r At\u0131k M\u00fcd\u00fcrl\u00fc\u011f\u00fc taraf\u0131ndan s\u0131f\u0131r at\u0131k konusunda fark\u0131ndal\u0131k olu\u015fturmak amac\u0131yla ilkokullarda \u00f6\u011frencilere y\u00f6nelik e\u011fitimler de d\u00fczenleniyor. E\u011fitimlerde at\u0131klar\u0131n d\u00f6n\u00fc\u015ft\u00fcr\u00fclmesinin \u00fclkeye katk\u0131lar\u0131, su ve toprak temizli\u011fi ile \u00e7evre sa\u011fl\u0131\u011f\u0131 bilinci anlat\u0131l\u0131yor. \u015eehir merkezindeki okullar\u0131n yan\u0131 s\u0131ra ekipler k\u00f6ylerdeki okullara da giderek s\u0131f\u0131r at\u0131k konusunda e\u011fitimler veriyor. Bu kapsamda Yaz\u0131s\u00f6\u011f\u00fct k\u00f6y\u00fcndeki Yaz\u0131s\u00f6\u011f\u00fct \u0130lkokulu\u2019nda \u00f6\u011frencilere s\u0131f\u0131r at\u0131kla ilgili e\u011fitim verildi. E\u011fitimlerde Isparta Belediyesi ekipleri taraf\u0131ndan \u00f6\u011frencilere s\u0131f\u0131r at\u0131\u011f\u0131n \u00f6nemi ve at\u0131klar\u0131n d\u00f6n\u00fc\u015ft\u00fcr\u00fclmesi konular\u0131nda bilgiler aktar\u0131ld\u0131. \u00d6\u011frencilere \u00c7evki ve Arkada\u015flar\u0131yla Geri D\u00f6n\u00fc\u015f\u00fcm E\u011fitim Filmi de izlettirildi.<br \/>\n<br \/>E\u011fitimin sonunda \u00f6\u011frencilere boyama kitab\u0131, boya kalemi, tohumlu kalem ve not defteri hediye edilirken, \u00f6\u011frenciler de evlerinden getirdikleri at\u0131k pilleri \u00f6zel haz\u0131rlanan kutulara att\u0131.<br \/><\/p>\n","protected":false},"excerpt":{"rendered":"<p>Isparta Belediyesi, \u015fehir merkezinde ger\u00e7ekle\u015ftirdi\u011fi at\u0131k pil toplama kampanyas\u0131na k\u00f6y okullar\u0131n\u0131 da dahil etti. K\u00f6y okullar\u0131nda s\u0131f\u0131r at\u0131k konusunda e\u011fitimler verilirken, at\u0131k piller de toplan\u0131yor. Isparta Belediyesi \u0130klim De\u011fi\u015fikli\u011fi ve S\u0131f\u0131r At\u0131k M\u00fcd\u00fcrl\u00fc\u011f\u00fc ge\u00e7en y\u0131llarda oldu\u011fu gibi 2024-2025 e\u011fitim \u00f6\u011fretim y\u0131l\u0131nda da \u015fehirdeki okullarda s\u0131f\u0131r at\u0131k kapsam\u0131nda pil toplama kampanyas\u0131 ba\u015flatm\u0131\u015ft\u0131. Belediye Ba\u015fkan\u0131 \u015e\u00fckr\u00fc Ba\u015fde\u011firmen\u2019in&#8230;<\/p>\n","protected":false},"author":1,"featured_media":18948,"comment_status":"open","ping_status":"open","sticky":false,"template":"","format":"standard","meta":{"_crdt_document":"","footnotes":""},"categories":[1],"tags":[],"class_list":["post-18947","post","type-post","status-publish","format-standard","has-post-thumbnail","hentry","category-guncel"],"_links":{"self":[{"href":"https:\/\/www.egemtv.com\/index.php?rest_route=\/wp\/v2\/posts\/18947","targetHints":{"allow":["GET"]}}],"collection":[{"href":"https:\/\/www.egemtv.com\/index.php?rest_route=\/wp\/v2\/posts"}],"about":[{"href":"https:\/\/www.egemtv.com\/index.php?rest_route=\/wp\/v2\/types\/post"}],"author":[{"embeddable":true,"href":"https:\/\/www.egemtv.com\/index.php?rest_route=\/wp\/v2\/users\/1"}],"replies":[{"embeddable":true,"href":"https:\/\/www.egemtv.com\/index.php?rest_route=%2Fwp%2Fv2%2Fcomments&post=18947"}],"version-history":[{"count":1,"href":"https:\/\/www.egemtv.com\/index.php?rest_route=\/wp\/v2\/posts\/18947\/revisions"}],"predecessor-version":[{"id":18949,"href":"https:\/\/www.egemtv.com\/index.php?rest_route=\/wp\/v2\/posts\/18947\/revisions\/18949"}],"wp:featuredmedia":[{"embeddable":true,"href":"https:\/\/www.egemtv.com\/index.php?rest_route=\/wp\/v2\/media\/18948"}],"wp:attachment":[{"href":"https:\/\/www.egemtv.com\/index.php?rest_route=%2Fwp%2Fv2%2Fmedia&parent=18947"}],"wp:term":[{"taxonomy":"category","embeddable":true,"href":"https:\/\/www.egemtv.com\/index.php?rest_route=%2Fwp%2Fv2%2Fcategories&post=18947"},{"taxonomy":"post_tag","embeddable":true,"href":"https:\/\/www.egemtv.com\/index.php?rest_route=%2Fwp%2Fv2%2Ftags&post=18947"}],"curies":[{"name":"wp","href":"https:\/\/api.w.org\/{rel}","templated":true}]}}