{"id":18944,"date":"2025-02-14T15:38:07","date_gmt":"2025-02-14T12:38:07","guid":{"rendered":"https:\/\/www.egemtv.com\/?p=18944"},"modified":"2025-02-14T15:38:12","modified_gmt":"2025-02-14T12:38:12","slug":"ormanlik-alanda-olu-bulunan-kemal-aksuzek-gozyaslariyla-topraga-verildi","status":"publish","type":"post","link":"https:\/\/www.egemtv.com\/?p=18944","title":{"rendered":"Ormanl\u0131k alanda \u00f6l\u00fc bulunan Kemal Aks\u00fczek g\u00f6zya\u015flar\u0131yla topra\u011fa verildi"},"content":{"rendered":"<p>Isparta\u2019n\u0131n Ke\u00e7iborlu il\u00e7esinde 10 \u015eubat\u2019ta &#8220;ava gidiyorum&#8221; diyerek evden ayr\u0131lan ve kendisinden bir daha haber al\u0131namayan 16 ya\u015f\u0131ndaki Kemal Aks\u00fczek, 3 g\u00fcn s\u00fcren geni\u015f \u00e7apl\u0131 arama \u00e7al\u0131\u015fmalar\u0131n\u0131n ard\u0131ndan d\u00fcn ormanl\u0131k alanda \u00f6l\u00fc olarak bulundu. Olayla ilgili \u00e7arp\u0131c\u0131 a\u00e7\u0131klamalarda bulunan amca Mehmet Aks\u00fczek, &#8220;Bulundu\u011fu yer benim evime \u00e7ok yak\u0131n bir noktadayd\u0131 fakat ben hi\u00e7 silah sesi duymad\u0131m. \u00c7ok fazla silah oyunu oynuyordu; ben onlardan etkilendi\u011fini d\u00fc\u015f\u00fcn\u00fcyorum&#8221; dedi.<br \/>\n<br \/>Olay, 10 \u015eubat 2025 Pazar g\u00fcn\u00fc Ke\u00e7iborlu il\u00e7esi K\u0131l\u0131\u00e7 K\u00f6y\u00fc Tuzla Mahallesi\u2019nde meydana geldi. Edinilen bilgilere g\u00f6re, ailesinin ihbar\u0131 \u00fczerine Isparta AFAD, Jandarma Arama Kurtarma Timleri, Jandarma K\u00f6pek Timi ve di\u011fer arama ekipleri seferber oldu. Arama \u00e7al\u0131\u015fmalar\u0131na termal dronlar, iz takip k\u00f6pekleri, kadavra k\u00f6pekleri ve Ayd\u0131n\u2019dan gelen jandarma insans\u0131z hava arac\u0131 da kat\u0131ld\u0131. Yap\u0131lan detayl\u0131 taramalarda, Kemal Aks\u00fczek\u2019in cans\u0131z bedeni, evine yakla\u015f\u0131k 500 metre mesafede ormanl\u0131k alanda bulundu. Sa\u011fl\u0131k ekiplerinin yapt\u0131\u011f\u0131 incelemede Aks\u00fczek\u2019in hayat\u0131n\u0131 kaybetti\u011fi belirlendi.<\/p>\n<p>\u00d6l\u00fcm nedenini belirlemek i\u00e7in soru\u015fturma s\u00fcr\u00fcyor<br \/>\n<br \/>Isparta Valisi Abdullah Erin, &#8220;Olay yeri inceleme ve adli soru\u015fturma kapsam\u0131nda \u00f6l\u00fcm nedenini belirlemek i\u00e7in \u00e7al\u0131\u015fmalar s\u00fcrd\u00fcr\u00fcl\u00fcyor. Bir kez daha evlad\u0131m\u0131za Allah\u2019tan rahmet, ailesine ve t\u00fcm Isparta halk\u0131na ba\u015fsa\u011fl\u0131\u011f\u0131 diliyorum&#8221; dedi.<\/p>\n<p>16 ya\u015f\u0131ndaki Aks\u00fczek son yolculu\u011funa u\u011furland\u0131<br \/>\n<br \/>Savc\u0131l\u0131k ve olay yeri inceleme ekiplerinin \u00e7al\u0131\u015fmalar\u0131 sonras\u0131, Kemal Aks\u00fczek\u2019in cenazesi otopsi i\u00e7in Isparta \u015eehir Hastanesi morguna kald\u0131r\u0131ld\u0131. \u0130lk de\u011ferlendirmelere g\u00f6re intihar \u015f\u00fcphesi \u00fczerinde durulurken, kesin \u00f6l\u00fcm nedeni yap\u0131lacak otopsinin ard\u0131ndan netle\u015fece\u011fi bildirildi. Aks\u00fczek\u2019in cenazesi, bug\u00fcn cuma namaz\u0131n\u0131 m\u00fcteakip Ke\u00e7iborlu il\u00e7esi Ulu Camii\u2019nde k\u0131l\u0131nan cenaze namaz\u0131n\u0131n ard\u0131ndan il\u00e7e mezarl\u0131\u011f\u0131nda topra\u011fa verildi.<\/p>\n<p>Amca Mehmet Aks\u00fczek: &#8220;En son birlikteydik, \u2019ava gidiyorum\u2019 dedi, bir daha d\u00f6nmedi&#8221;<br \/>\n<br \/>Merhum Kemal Aks\u00fczek\u2019in en son g\u00f6r\u00fc\u015ft\u00fc\u011f\u00fc amcas\u0131 Mehmet Aks\u00fczek, olay g\u00fcn\u00fc ya\u015fananlar\u0131 \u015fu s\u00f6zlerle anlatt\u0131:<br \/>\n<br \/>&#8220;Kuzulara bak\u0131yordum, o s\u0131rada bir silah sesi duydum ama ses a\u015fa\u011f\u0131dan geldi, yukar\u0131dan gelmedi. Daha sonra Kemal\u2019i g\u00f6rd\u00fcm ve nereye gitti\u011fini sordum. Bana ava gitti\u011fini s\u00f6yledi. \u2018Yan\u0131ma gel, be\u015f dakika bana yard\u0131m et, at\u0131llar\u0131 temizle\u2019 dedim. Temizlik s\u0131ras\u0131nda bana yukar\u0131da bir ku\u015fa ate\u015f etti\u011fini, ancak vuramad\u0131\u011f\u0131n\u0131 anlatt\u0131. Daha sonra tekrar ava gidece\u011fini s\u00f6yledi ve gitti. Ondan sonra bir daha geri d\u00f6nmedi.&#8221;<\/p>\n<p>&#8220;Evime \u00e7ok yak\u0131n bir noktada bulundu ama hi\u00e7 silah sesi duymad\u0131m&#8221;<br \/>\n<br \/>Kemal\u2019in nas\u0131l \u00f6ld\u00fc\u011f\u00fcne dair bir bilgisinin olmad\u0131\u011f\u0131n\u0131 ifade eden amca Aks\u00fczek, &#8220;Ekipler cenazeyi aceleyle ald\u0131 ve do\u011frudan g\u00f6t\u00fcrd\u00fc. Biz cenazeyi g\u00f6remedik. Olay, evime \u00e7ok yak\u0131n bir noktada ger\u00e7ekle\u015fti ama ben kesinlikle silah sesi duymad\u0131m. O s\u0131rada ya yemek yiyordum ya da \u00e7ar\u015f\u0131ya gitmi\u015ftim, tam olarak hat\u0131rlam\u0131yorum&#8221; dedi.<\/p>\n<p>&#8220;Oynad\u0131\u011f\u0131 silah oyunlar\u0131ndan etkilenmi\u015f olabilir&#8221;<br \/>\n<br \/>Kemal\u2019in cep telefonunda \u00e7ok fazla oyun oynad\u0131\u011f\u0131n\u0131 s\u00f6yleyen amca Aks\u00fczek, &#8220;Kimlerle oynad\u0131\u011f\u0131n\u0131 bilmiyordum ama genellikle silahl\u0131 oyunlar oynuyordu. Ben, bu oyunlardan etkilendi\u011fini d\u00fc\u015f\u00fcn\u00fcyorum \u00e7\u00fcnk\u00fc ailevi hi\u00e7bir problemi yoktu. Kazayla olmu\u015f olabilir, bize intihar etti\u011fine dair bir bilgi verilmedi. Olay yerini g\u00f6rmek istedim ama izin vermediler. Belki onlar\u0131n fark edemedi\u011fi bir detay\u0131 ben g\u00f6rebilirdim, herkesin bak\u0131\u015f a\u00e7\u0131s\u0131 farkl\u0131d\u0131r&#8221; diye konu\u015ftu.<br \/>\n<br \/>Olayla ilgili geni\u015f \u00e7apl\u0131 soru\u015fturma devam ediyor.<br \/><\/p>\n","protected":false},"excerpt":{"rendered":"<p>Isparta\u2019n\u0131n Ke\u00e7iborlu il\u00e7esinde 10 \u015eubat\u2019ta &#8220;ava gidiyorum&#8221; diyerek evden ayr\u0131lan ve kendisinden bir daha haber al\u0131namayan 16 ya\u015f\u0131ndaki Kemal Aks\u00fczek, 3 g\u00fcn s\u00fcren geni\u015f \u00e7apl\u0131 arama \u00e7al\u0131\u015fmalar\u0131n\u0131n ard\u0131ndan d\u00fcn ormanl\u0131k alanda \u00f6l\u00fc olarak bulundu. Olayla ilgili \u00e7arp\u0131c\u0131 a\u00e7\u0131klamalarda bulunan amca Mehmet Aks\u00fczek, &#8220;Bulundu\u011fu yer benim evime \u00e7ok yak\u0131n bir noktadayd\u0131 fakat ben hi\u00e7 silah sesi&#8230;<\/p>\n","protected":false},"author":1,"featured_media":18945,"comment_status":"open","ping_status":"open","sticky":false,"template":"","format":"standard","meta":{"_crdt_document":"","footnotes":""},"categories":[5],"tags":[],"class_list":["post-18944","post","type-post","status-publish","format-standard","has-post-thumbnail","hentry","category-asayis"],"_links":{"self":[{"href":"https:\/\/www.egemtv.com\/index.php?rest_route=\/wp\/v2\/posts\/18944","targetHints":{"allow":["GET"]}}],"collection":[{"href":"https:\/\/www.egemtv.com\/index.php?rest_route=\/wp\/v2\/posts"}],"about":[{"href":"https:\/\/www.egemtv.com\/index.php?rest_route=\/wp\/v2\/types\/post"}],"author":[{"embeddable":true,"href":"https:\/\/www.egemtv.com\/index.php?rest_route=\/wp\/v2\/users\/1"}],"replies":[{"embeddable":true,"href":"https:\/\/www.egemtv.com\/index.php?rest_route=%2Fwp%2Fv2%2Fcomments&post=18944"}],"version-history":[{"count":1,"href":"https:\/\/www.egemtv.com\/index.php?rest_route=\/wp\/v2\/posts\/18944\/revisions"}],"predecessor-version":[{"id":18946,"href":"https:\/\/www.egemtv.com\/index.php?rest_route=\/wp\/v2\/posts\/18944\/revisions\/18946"}],"wp:featuredmedia":[{"embeddable":true,"href":"https:\/\/www.egemtv.com\/index.php?rest_route=\/wp\/v2\/media\/18945"}],"wp:attachment":[{"href":"https:\/\/www.egemtv.com\/index.php?rest_route=%2Fwp%2Fv2%2Fmedia&parent=18944"}],"wp:term":[{"taxonomy":"category","embeddable":true,"href":"https:\/\/www.egemtv.com\/index.php?rest_route=%2Fwp%2Fv2%2Fcategories&post=18944"},{"taxonomy":"post_tag","embeddable":true,"href":"https:\/\/www.egemtv.com\/index.php?rest_route=%2Fwp%2Fv2%2Ftags&post=18944"}],"curies":[{"name":"wp","href":"https:\/\/api.w.org\/{rel}","templated":true}]}}