{"id":18941,"date":"2025-02-14T15:38:00","date_gmt":"2025-02-14T12:38:00","guid":{"rendered":"https:\/\/www.egemtv.com\/?p=18941"},"modified":"2025-02-14T15:38:07","modified_gmt":"2025-02-14T12:38:07","slug":"kosk-bascayir-mahallesindeki-kopru-tehlike-saciyor","status":"publish","type":"post","link":"https:\/\/www.egemtv.com\/?p=18941","title":{"rendered":"K\u00f6\u015fk Ba\u015f\u00e7ay\u0131r Mahallesi\u2019ndeki k\u00f6pr\u00fc tehlike sa\u00e7\u0131yor"},"content":{"rendered":"<p>Ayd\u0131n\u2019\u0131n K\u00f6\u015fk il\u00e7esi Ba\u015f\u00e7ay\u0131r Mahallesi\u2019nde bulunan dere \u00fczerindeki a\u015f\u0131nan k\u00f6pr\u00fc can ve mal g\u00fcvenli\u011fini tehlikeye d\u00fc\u015f\u00fcr\u00fcyor.<\/p>\n<p>Ak\u00e7ak\u00f6y Mahallesi\u2019ne ula\u015f\u0131m yan\u0131nda Ba\u015f\u00e7ay\u0131r hocalar mevkiinde oturan vatanda\u015flara da hizmet veren dere \u00fczerindeki k\u00f6pr\u00fc y\u0131llar\u0131n verdi\u011fi a\u011f\u0131r y\u0131pranma sonucu a\u015f\u0131nd\u0131. K\u00f6pr\u00fc \u00fczerinden her g\u00fcn ge\u00e7en ta\u015f kamyonlar\u0131, y\u00fck kamyonlar\u0131 ve beton mikseri gibi a\u011f\u0131r tonajl\u0131 ta\u015f\u0131tlarda \u00f6t\u00fcr\u00fc k\u00f6pr\u00fc ta\u015f\u0131ma kapasitesiyle zorlan\u0131yor. A\u011f\u0131r ta\u015f\u0131tlar haricinde g\u00fcn i\u00e7erisinde y\u00fczlerce otomobile, trakt\u00f6r\u00fcn ve motosikletlere de hizmet verdi\u011finden \u00f6t\u00fcr\u00fc g\u00f6\u00e7me, k\u0131r\u0131lma ve y\u0131k\u0131lma tehlikeleri ile ayakta durmakta zorlan\u0131yor. Vatanda\u015flar bu k\u00f6pr\u00fc \u00fczerinde b\u00fcy\u00fck bir can kayb\u0131 olmadan seslerinin duyulmas\u0131n\u0131 ve daha geni\u015f sa\u011flam bir k\u00f6pr\u00fcn\u00fcn yap\u0131lmas\u0131n\u0131 bekliyor.<\/p>\n<p>K\u00f6pr\u00fcy\u00fc kullanan vatanda\u015flar ve esnaflar bu k\u00f6pr\u00fcn\u00fcn bir an \u00f6nce y\u0131k\u0131l\u0131p yerine daha g\u00fcvenilir sa\u011flam bir k\u00f6pr\u00fcn\u00fcn yap\u0131lmas\u0131 i\u00e7in yetkilileri g\u00f6reve davet etti.<br \/><\/p>\n","protected":false},"excerpt":{"rendered":"<p>Ayd\u0131n\u2019\u0131n K\u00f6\u015fk il\u00e7esi Ba\u015f\u00e7ay\u0131r Mahallesi\u2019nde bulunan dere \u00fczerindeki a\u015f\u0131nan k\u00f6pr\u00fc can ve mal g\u00fcvenli\u011fini tehlikeye d\u00fc\u015f\u00fcr\u00fcyor. Ak\u00e7ak\u00f6y Mahallesi\u2019ne ula\u015f\u0131m yan\u0131nda Ba\u015f\u00e7ay\u0131r hocalar mevkiinde oturan vatanda\u015flara da hizmet veren dere \u00fczerindeki k\u00f6pr\u00fc y\u0131llar\u0131n verdi\u011fi a\u011f\u0131r y\u0131pranma sonucu a\u015f\u0131nd\u0131. K\u00f6pr\u00fc \u00fczerinden her g\u00fcn ge\u00e7en ta\u015f kamyonlar\u0131, y\u00fck kamyonlar\u0131 ve beton mikseri gibi a\u011f\u0131r tonajl\u0131 ta\u015f\u0131tlarda \u00f6t\u00fcr\u00fc k\u00f6pr\u00fc&#8230;<\/p>\n","protected":false},"author":1,"featured_media":18942,"comment_status":"open","ping_status":"open","sticky":false,"template":"","format":"standard","meta":{"_crdt_document":"","footnotes":""},"categories":[1],"tags":[],"class_list":["post-18941","post","type-post","status-publish","format-standard","has-post-thumbnail","hentry","category-guncel"],"_links":{"self":[{"href":"https:\/\/www.egemtv.com\/index.php?rest_route=\/wp\/v2\/posts\/18941","targetHints":{"allow":["GET"]}}],"collection":[{"href":"https:\/\/www.egemtv.com\/index.php?rest_route=\/wp\/v2\/posts"}],"about":[{"href":"https:\/\/www.egemtv.com\/index.php?rest_route=\/wp\/v2\/types\/post"}],"author":[{"embeddable":true,"href":"https:\/\/www.egemtv.com\/index.php?rest_route=\/wp\/v2\/users\/1"}],"replies":[{"embeddable":true,"href":"https:\/\/www.egemtv.com\/index.php?rest_route=%2Fwp%2Fv2%2Fcomments&post=18941"}],"version-history":[{"count":1,"href":"https:\/\/www.egemtv.com\/index.php?rest_route=\/wp\/v2\/posts\/18941\/revisions"}],"predecessor-version":[{"id":18943,"href":"https:\/\/www.egemtv.com\/index.php?rest_route=\/wp\/v2\/posts\/18941\/revisions\/18943"}],"wp:featuredmedia":[{"embeddable":true,"href":"https:\/\/www.egemtv.com\/index.php?rest_route=\/wp\/v2\/media\/18942"}],"wp:attachment":[{"href":"https:\/\/www.egemtv.com\/index.php?rest_route=%2Fwp%2Fv2%2Fmedia&parent=18941"}],"wp:term":[{"taxonomy":"category","embeddable":true,"href":"https:\/\/www.egemtv.com\/index.php?rest_route=%2Fwp%2Fv2%2Fcategories&post=18941"},{"taxonomy":"post_tag","embeddable":true,"href":"https:\/\/www.egemtv.com\/index.php?rest_route=%2Fwp%2Fv2%2Ftags&post=18941"}],"curies":[{"name":"wp","href":"https:\/\/api.w.org\/{rel}","templated":true}]}}