{"id":18938,"date":"2025-02-14T15:27:02","date_gmt":"2025-02-14T12:27:02","guid":{"rendered":"https:\/\/www.egemtv.com\/?p=18938"},"modified":"2025-02-14T15:27:08","modified_gmt":"2025-02-14T12:27:08","slug":"istanbuldan-manisaya-kokain-getiren-supheliler-polisten-kacamadi","status":"publish","type":"post","link":"https:\/\/www.egemtv.com\/?p=18938","title":{"rendered":"\u0130stanbul\u2019dan Manisa\u2019ya kokain getiren \u015f\u00fcpheliler, polisten ka\u00e7amad\u0131"},"content":{"rendered":"<p>Manisa\u2019n\u0131n Salihli il\u00e7esinde polis ekipleri taraf\u0131ndan d\u00fczenlenen operasyonda 82 gram kokain ele ge\u00e7irildi. Olayla ilgili g\u00f6zalt\u0131na al\u0131nan 3 \u015f\u00fcpheli tutukland\u0131.<br \/>\n<br \/>Uyu\u015fturucu veya uyar\u0131c\u0131 madde ticareti yapan, nakleden ve kullanan \u015fah\u0131slara y\u00f6nelik \u00e7al\u0131\u015fmalar\u0131n\u0131 s\u00fcrd\u00fcren Narkotik Su\u00e7larla M\u00fccadele \u015eube M\u00fcd\u00fcrl\u00fc\u011f\u00fc ve Salihli \u0130l\u00e7e Emniyet M\u00fcd\u00fcrl\u00fc\u011f\u00fcne ba\u011fl\u0131 Narkotik Su\u00e7larla M\u00fccadele B\u00fcro Amirli\u011fi ekiplerinin istihbarat \u00e7al\u0131\u015fmas\u0131 sonucu \u0130stanbul\u2019dan, Salihli\u2019ye y\u00fckl\u00fc miktarda uyu\u015fturucu getirilece\u011fi bilgisine ula\u015ft\u0131. \u015e\u00fcphelilerin bulundu\u011fu ara\u00e7, Salihli polisi taraf\u0131ndan kovalamaca sonucu yakaland\u0131. Ara\u00e7ta ve \u015f\u00fcphelilerin yap\u0131lan \u00fcst aramas\u0131nda 82 gram kokain ele ge\u00e7irilirken, ara\u00e7ta bulunan H.K.(25), B.C.G.(25) ve S.\u015e. (30) g\u00f6zalt\u0131na al\u0131nd\u0131.<br \/>\n<br \/>Emniyetteki i\u015flemlerinin ard\u0131ndan adliyeye sevk edilen 3 \u015f\u00fcpheli \u00e7\u0131kar\u0131ld\u0131\u011f\u0131 mahkemece tutuklan\u0131p cezaevine g\u00f6nderildi.<br \/><\/p>\n","protected":false},"excerpt":{"rendered":"<p>Manisa\u2019n\u0131n Salihli il\u00e7esinde polis ekipleri taraf\u0131ndan d\u00fczenlenen operasyonda 82 gram kokain ele ge\u00e7irildi. Olayla ilgili g\u00f6zalt\u0131na al\u0131nan 3 \u015f\u00fcpheli tutukland\u0131. Uyu\u015fturucu veya uyar\u0131c\u0131 madde ticareti yapan, nakleden ve kullanan \u015fah\u0131slara y\u00f6nelik \u00e7al\u0131\u015fmalar\u0131n\u0131 s\u00fcrd\u00fcren Narkotik Su\u00e7larla M\u00fccadele \u015eube M\u00fcd\u00fcrl\u00fc\u011f\u00fc ve Salihli \u0130l\u00e7e Emniyet M\u00fcd\u00fcrl\u00fc\u011f\u00fcne ba\u011fl\u0131 Narkotik Su\u00e7larla M\u00fccadele B\u00fcro Amirli\u011fi ekiplerinin istihbarat \u00e7al\u0131\u015fmas\u0131 sonucu \u0130stanbul\u2019dan, Salihli\u2019ye&#8230;<\/p>\n","protected":false},"author":1,"featured_media":18939,"comment_status":"open","ping_status":"open","sticky":false,"template":"","format":"standard","meta":{"_crdt_document":"","footnotes":""},"categories":[5],"tags":[],"class_list":["post-18938","post","type-post","status-publish","format-standard","has-post-thumbnail","hentry","category-asayis"],"_links":{"self":[{"href":"https:\/\/www.egemtv.com\/index.php?rest_route=\/wp\/v2\/posts\/18938","targetHints":{"allow":["GET"]}}],"collection":[{"href":"https:\/\/www.egemtv.com\/index.php?rest_route=\/wp\/v2\/posts"}],"about":[{"href":"https:\/\/www.egemtv.com\/index.php?rest_route=\/wp\/v2\/types\/post"}],"author":[{"embeddable":true,"href":"https:\/\/www.egemtv.com\/index.php?rest_route=\/wp\/v2\/users\/1"}],"replies":[{"embeddable":true,"href":"https:\/\/www.egemtv.com\/index.php?rest_route=%2Fwp%2Fv2%2Fcomments&post=18938"}],"version-history":[{"count":1,"href":"https:\/\/www.egemtv.com\/index.php?rest_route=\/wp\/v2\/posts\/18938\/revisions"}],"predecessor-version":[{"id":18940,"href":"https:\/\/www.egemtv.com\/index.php?rest_route=\/wp\/v2\/posts\/18938\/revisions\/18940"}],"wp:featuredmedia":[{"embeddable":true,"href":"https:\/\/www.egemtv.com\/index.php?rest_route=\/wp\/v2\/media\/18939"}],"wp:attachment":[{"href":"https:\/\/www.egemtv.com\/index.php?rest_route=%2Fwp%2Fv2%2Fmedia&parent=18938"}],"wp:term":[{"taxonomy":"category","embeddable":true,"href":"https:\/\/www.egemtv.com\/index.php?rest_route=%2Fwp%2Fv2%2Fcategories&post=18938"},{"taxonomy":"post_tag","embeddable":true,"href":"https:\/\/www.egemtv.com\/index.php?rest_route=%2Fwp%2Fv2%2Ftags&post=18938"}],"curies":[{"name":"wp","href":"https:\/\/api.w.org\/{rel}","templated":true}]}}