{"id":18932,"date":"2025-02-14T15:02:38","date_gmt":"2025-02-14T12:02:38","guid":{"rendered":"https:\/\/www.egemtv.com\/?p=18932"},"modified":"2025-02-14T15:02:43","modified_gmt":"2025-02-14T12:02:43","slug":"izmirde-hirsizlara-yonelik-operasyonlarda-30-tutuklama","status":"publish","type":"post","link":"https:\/\/www.egemtv.com\/?p=18932","title":{"rendered":"\u0130zmir\u2019de h\u0131rs\u0131zlara y\u00f6nelik operasyonlarda 30 tutuklama"},"content":{"rendered":"<p>\u0130zmir\u2019de polis ekipleri taraf\u0131ndan h\u0131rs\u0131zl\u0131k olaylar\u0131na y\u00f6nelik 42 g\u00fcnde ger\u00e7ekle\u015fen \u00e7ok say\u0131da operasyonda g\u00f6zalt\u0131na al\u0131nan 65 \u015f\u00fcpheliden 30\u2019u tutukland\u0131.<br \/>\n<br \/>\u0130zmir Asayi\u015f \u015eube M\u00fcd\u00fcrl\u00fc\u011f\u00fcne ba\u011fl\u0131 H\u0131rs\u0131zl\u0131k ve Yankesicilik ile Oto H\u0131rs\u0131zl\u0131\u011f\u0131 B\u00fcro Amirli\u011fi ekipleri, 1 Ocak-12 \u015eubat tarihleri aras\u0131nda il genelinde s\u0131k\u0131 \u00e7al\u0131\u015fma y\u00fcr\u00fctt\u00fc. \u0130lde ger\u00e7ekle\u015fen ev, i\u015f yerinden, otomobilden h\u0131rs\u0131zl\u0131k, oto h\u0131rs\u0131zl\u0131\u011f\u0131, kapka\u00e7 gibi olaylara kar\u0131\u015fan 65 \u015f\u00fcpheli belirlendi ve ger\u00e7ekle\u015fen operasyonlar kapsam\u0131nda g\u00f6zalt\u0131na al\u0131nd\u0131.<br \/>\n<br \/>Operasyonlarda g\u00f6zalt\u0131na al\u0131nanlar aras\u0131nda, 1\u2019i 48 y\u0131l 9 ay olmak \u00fczere hakk\u0131nda \u00e7e\u015fitli su\u00e7lardan kesinle\u015fmi\u015f hapis cezas\u0131 bulunan 5 h\u00fck\u00fcml\u00fcn\u00fcn de bulundu\u011fu \u00f6\u011frenildi. Emniyetteki i\u015flemlerinin ard\u0131ndan adliyeye sevk edilen \u015f\u00fcphelilerden 30\u2019u tutuklanarak cezaevine g\u00f6nderildi.<br \/><\/p>\n","protected":false},"excerpt":{"rendered":"<p>\u0130zmir\u2019de polis ekipleri taraf\u0131ndan h\u0131rs\u0131zl\u0131k olaylar\u0131na y\u00f6nelik 42 g\u00fcnde ger\u00e7ekle\u015fen \u00e7ok say\u0131da operasyonda g\u00f6zalt\u0131na al\u0131nan 65 \u015f\u00fcpheliden 30\u2019u tutukland\u0131. \u0130zmir Asayi\u015f \u015eube M\u00fcd\u00fcrl\u00fc\u011f\u00fcne ba\u011fl\u0131 H\u0131rs\u0131zl\u0131k ve Yankesicilik ile Oto H\u0131rs\u0131zl\u0131\u011f\u0131 B\u00fcro Amirli\u011fi ekipleri, 1 Ocak-12 \u015eubat tarihleri aras\u0131nda il genelinde s\u0131k\u0131 \u00e7al\u0131\u015fma y\u00fcr\u00fctt\u00fc. \u0130lde ger\u00e7ekle\u015fen ev, i\u015f yerinden, otomobilden h\u0131rs\u0131zl\u0131k, oto h\u0131rs\u0131zl\u0131\u011f\u0131, kapka\u00e7 gibi olaylara&#8230;<\/p>\n","protected":false},"author":1,"featured_media":18933,"comment_status":"open","ping_status":"open","sticky":false,"template":"","format":"standard","meta":{"_crdt_document":"","footnotes":""},"categories":[5],"tags":[],"class_list":["post-18932","post","type-post","status-publish","format-standard","has-post-thumbnail","hentry","category-asayis"],"_links":{"self":[{"href":"https:\/\/www.egemtv.com\/index.php?rest_route=\/wp\/v2\/posts\/18932","targetHints":{"allow":["GET"]}}],"collection":[{"href":"https:\/\/www.egemtv.com\/index.php?rest_route=\/wp\/v2\/posts"}],"about":[{"href":"https:\/\/www.egemtv.com\/index.php?rest_route=\/wp\/v2\/types\/post"}],"author":[{"embeddable":true,"href":"https:\/\/www.egemtv.com\/index.php?rest_route=\/wp\/v2\/users\/1"}],"replies":[{"embeddable":true,"href":"https:\/\/www.egemtv.com\/index.php?rest_route=%2Fwp%2Fv2%2Fcomments&post=18932"}],"version-history":[{"count":1,"href":"https:\/\/www.egemtv.com\/index.php?rest_route=\/wp\/v2\/posts\/18932\/revisions"}],"predecessor-version":[{"id":18934,"href":"https:\/\/www.egemtv.com\/index.php?rest_route=\/wp\/v2\/posts\/18932\/revisions\/18934"}],"wp:featuredmedia":[{"embeddable":true,"href":"https:\/\/www.egemtv.com\/index.php?rest_route=\/wp\/v2\/media\/18933"}],"wp:attachment":[{"href":"https:\/\/www.egemtv.com\/index.php?rest_route=%2Fwp%2Fv2%2Fmedia&parent=18932"}],"wp:term":[{"taxonomy":"category","embeddable":true,"href":"https:\/\/www.egemtv.com\/index.php?rest_route=%2Fwp%2Fv2%2Fcategories&post=18932"},{"taxonomy":"post_tag","embeddable":true,"href":"https:\/\/www.egemtv.com\/index.php?rest_route=%2Fwp%2Fv2%2Ftags&post=18932"}],"curies":[{"name":"wp","href":"https:\/\/api.w.org\/{rel}","templated":true}]}}