{"id":18929,"date":"2025-02-14T14:54:34","date_gmt":"2025-02-14T11:54:34","guid":{"rendered":"https:\/\/www.egemtv.com\/?p=18929"},"modified":"2025-02-14T14:54:38","modified_gmt":"2025-02-14T11:54:38","slug":"nufus-isleri-icin-sira-alamayan-yaslilara-ozel-hizmet","status":"publish","type":"post","link":"https:\/\/www.egemtv.com\/?p=18929","title":{"rendered":"N\u00fcfus i\u015fleri i\u00e7in s\u0131ra alamayan ya\u015fl\u0131lara \u00f6zel hizmet"},"content":{"rendered":"<p>Manisa\u2019n\u0131n Sar\u0131g\u00f6l \u0130l\u00e7e N\u00fcfus ve Vatanda\u015fl\u0131k \u0130\u015fleri M\u00fcd\u00fcr\u00fc \u0130lvan K\u0131rda\u011f, n\u00fcfus i\u015fleri i\u00e7in randevu alamayan ya\u015fl\u0131lara randevusuz i\u015flem sa\u011flayarak hay\u0131r duas\u0131 al\u0131yor.<br \/>\n<br \/>Sar\u0131g\u00f6l \u0130l\u00e7e N\u00fcfus ve Vatanda\u015fl\u0131k M\u00fcd\u00fcr\u00fc \u0130lvan K\u0131rda\u011f, dairedeki \u00f6rnek uygulamalar\u0131 ile vatanda\u015f\u0131n takdirini kazanmaya devam ediyor. \u0130l\u00e7ede g\u00f6reve ba\u015flad\u0131\u011f\u0131ndan bu yana ya\u015fl\u0131, yatalak ve N\u00fcfus M\u00fcd\u00fcrl\u00fc\u011f\u00fcne gelemeyecek durumda olan ki\u015fileri kendi \u00f6zel arac\u0131 ile evlerine kadar giderek n\u00fcfus i\u015flemlerini tamamlayan \u0130l\u00e7e N\u00fcfus ve Vatanda\u015fl\u0131k M\u00fcd\u00fcr\u00fc \u0130lvan K\u0131rda\u011f, bu kez de n\u00fcfus i\u015fleri i\u00e7in randevu alamayan ya\u015fl\u0131 ki\u015filere yard\u0131m ediyor. N\u00fcfus i\u00e7in randevu alamayan ya\u015fl\u0131lar\u0131n dairedeki i\u015flerinin yap\u0131lmas\u0131n\u0131 sa\u011flay\u0131p ya\u015fl\u0131lar\u0131n hay\u0131r duas\u0131n\u0131  alan Sar\u0131g\u00f6l \u0130l\u00e7e N\u00fcfus ve Vatanda\u015fl\u0131k M\u00fcd\u00fcr\u00fc \u0130lvan K\u0131rda\u011f, &#8220;N\u00fcfus dairesinde i\u015fleri olan ya\u015fl\u0131, yatalak hastalar\u0131m\u0131z i\u00e7in i\u015flerini bizzat evlerine giderek i\u015flerinin aksamamas\u0131n\u0131 sa\u011fl\u0131yorum. Bu kez de yeni n\u00fcfus c\u00fczdanlar\u0131 almak isteyen ancak randevu alamayan ya\u015fl\u0131 vatanda\u015flar\u0131m\u0131z\u0131 randevu almadan i\u015flerini hallediyoruz. Halka hizmet demek Hakka hizmettir.&#8221; dedi.<br \/><\/p>\n","protected":false},"excerpt":{"rendered":"<p>Manisa\u2019n\u0131n Sar\u0131g\u00f6l \u0130l\u00e7e N\u00fcfus ve Vatanda\u015fl\u0131k \u0130\u015fleri M\u00fcd\u00fcr\u00fc \u0130lvan K\u0131rda\u011f, n\u00fcfus i\u015fleri i\u00e7in randevu alamayan ya\u015fl\u0131lara randevusuz i\u015flem sa\u011flayarak hay\u0131r duas\u0131 al\u0131yor. Sar\u0131g\u00f6l \u0130l\u00e7e N\u00fcfus ve Vatanda\u015fl\u0131k M\u00fcd\u00fcr\u00fc \u0130lvan K\u0131rda\u011f, dairedeki \u00f6rnek uygulamalar\u0131 ile vatanda\u015f\u0131n takdirini kazanmaya devam ediyor. \u0130l\u00e7ede g\u00f6reve ba\u015flad\u0131\u011f\u0131ndan bu yana ya\u015fl\u0131, yatalak ve N\u00fcfus M\u00fcd\u00fcrl\u00fc\u011f\u00fcne gelemeyecek durumda olan ki\u015fileri kendi \u00f6zel&#8230;<\/p>\n","protected":false},"author":1,"featured_media":18930,"comment_status":"open","ping_status":"open","sticky":false,"template":"","format":"standard","meta":{"_crdt_document":"","footnotes":""},"categories":[123],"tags":[],"class_list":["post-18929","post","type-post","status-publish","format-standard","has-post-thumbnail","hentry","category-gundem"],"_links":{"self":[{"href":"https:\/\/www.egemtv.com\/index.php?rest_route=\/wp\/v2\/posts\/18929","targetHints":{"allow":["GET"]}}],"collection":[{"href":"https:\/\/www.egemtv.com\/index.php?rest_route=\/wp\/v2\/posts"}],"about":[{"href":"https:\/\/www.egemtv.com\/index.php?rest_route=\/wp\/v2\/types\/post"}],"author":[{"embeddable":true,"href":"https:\/\/www.egemtv.com\/index.php?rest_route=\/wp\/v2\/users\/1"}],"replies":[{"embeddable":true,"href":"https:\/\/www.egemtv.com\/index.php?rest_route=%2Fwp%2Fv2%2Fcomments&post=18929"}],"version-history":[{"count":1,"href":"https:\/\/www.egemtv.com\/index.php?rest_route=\/wp\/v2\/posts\/18929\/revisions"}],"predecessor-version":[{"id":18931,"href":"https:\/\/www.egemtv.com\/index.php?rest_route=\/wp\/v2\/posts\/18929\/revisions\/18931"}],"wp:featuredmedia":[{"embeddable":true,"href":"https:\/\/www.egemtv.com\/index.php?rest_route=\/wp\/v2\/media\/18930"}],"wp:attachment":[{"href":"https:\/\/www.egemtv.com\/index.php?rest_route=%2Fwp%2Fv2%2Fmedia&parent=18929"}],"wp:term":[{"taxonomy":"category","embeddable":true,"href":"https:\/\/www.egemtv.com\/index.php?rest_route=%2Fwp%2Fv2%2Fcategories&post=18929"},{"taxonomy":"post_tag","embeddable":true,"href":"https:\/\/www.egemtv.com\/index.php?rest_route=%2Fwp%2Fv2%2Ftags&post=18929"}],"curies":[{"name":"wp","href":"https:\/\/api.w.org\/{rel}","templated":true}]}}