{"id":18926,"date":"2025-02-14T14:48:25","date_gmt":"2025-02-14T11:48:25","guid":{"rendered":"https:\/\/www.egemtv.com\/?p=18926"},"modified":"2025-02-14T14:48:29","modified_gmt":"2025-02-14T11:48:29","slug":"didimin-eski-emniyet-muduru-hayatini-kaybetti","status":"publish","type":"post","link":"https:\/\/www.egemtv.com\/?p=18926","title":{"rendered":"Didim\u2019in eski emniyet m\u00fcd\u00fcr\u00fc hayat\u0131n\u0131 kaybetti"},"content":{"rendered":"<p>Ge\u00e7mi\u015fte Didim \u0130l\u00e7e Emniyet M\u00fcd\u00fcrl\u00fc\u011f\u00fc g\u00f6revinde bulunan G\u00fcrhan Aytekin hayat\u0131n\u0131 kaybetti.<\/p>\n<p>Edinilen bilgiye g\u00f6re, Aslen Nazillili olan 2014 y\u0131l\u0131nda Didim\u2019e Emniyet M\u00fcd\u00fcr\u00fc olarak atanan Aytekin, emekli olduktan sonra Didim\u2019de bir d\u00f6nem farkl\u0131 sekt\u00f6rlerde de \u00e7al\u0131\u015ft\u0131. Evli ve 2 \u00e7ocuk babas\u0131 olan Aytekin yakaland\u0131\u011f\u0131 amans\u0131z hastal\u0131\u011fa yenik d\u00fc\u015ft\u00fc. Aytekin\u2019in \u00f6l\u00fcm haberi ailesi ve t\u00fcm sevenlerini yasa bo\u011fdu. Aytekin\u2019in 14 \u015eubat Cuma g\u00fcn\u00fc memleketi Nazilli\u2019deki Koca Camii\u2019de ikindi namaz\u0131na m\u00fcteakip k\u0131l\u0131nacak cenaze namaz\u0131n\u0131n ard\u0131ndan E\u011friboyun Mezarl\u0131\u011f\u0131\u2019nda defnedilece\u011fi \u00f6\u011frenildi.<br \/><\/p>\n","protected":false},"excerpt":{"rendered":"<p>Ge\u00e7mi\u015fte Didim \u0130l\u00e7e Emniyet M\u00fcd\u00fcrl\u00fc\u011f\u00fc g\u00f6revinde bulunan G\u00fcrhan Aytekin hayat\u0131n\u0131 kaybetti. Edinilen bilgiye g\u00f6re, Aslen Nazillili olan 2014 y\u0131l\u0131nda Didim\u2019e Emniyet M\u00fcd\u00fcr\u00fc olarak atanan Aytekin, emekli olduktan sonra Didim\u2019de bir d\u00f6nem farkl\u0131 sekt\u00f6rlerde de \u00e7al\u0131\u015ft\u0131. Evli ve 2 \u00e7ocuk babas\u0131 olan Aytekin yakaland\u0131\u011f\u0131 amans\u0131z hastal\u0131\u011fa yenik d\u00fc\u015ft\u00fc. Aytekin\u2019in \u00f6l\u00fcm haberi ailesi ve t\u00fcm sevenlerini yasa&#8230;<\/p>\n","protected":false},"author":1,"featured_media":18927,"comment_status":"open","ping_status":"open","sticky":false,"template":"","format":"standard","meta":{"_crdt_document":"","footnotes":""},"categories":[1],"tags":[],"class_list":["post-18926","post","type-post","status-publish","format-standard","has-post-thumbnail","hentry","category-guncel"],"_links":{"self":[{"href":"https:\/\/www.egemtv.com\/index.php?rest_route=\/wp\/v2\/posts\/18926","targetHints":{"allow":["GET"]}}],"collection":[{"href":"https:\/\/www.egemtv.com\/index.php?rest_route=\/wp\/v2\/posts"}],"about":[{"href":"https:\/\/www.egemtv.com\/index.php?rest_route=\/wp\/v2\/types\/post"}],"author":[{"embeddable":true,"href":"https:\/\/www.egemtv.com\/index.php?rest_route=\/wp\/v2\/users\/1"}],"replies":[{"embeddable":true,"href":"https:\/\/www.egemtv.com\/index.php?rest_route=%2Fwp%2Fv2%2Fcomments&post=18926"}],"version-history":[{"count":1,"href":"https:\/\/www.egemtv.com\/index.php?rest_route=\/wp\/v2\/posts\/18926\/revisions"}],"predecessor-version":[{"id":18928,"href":"https:\/\/www.egemtv.com\/index.php?rest_route=\/wp\/v2\/posts\/18926\/revisions\/18928"}],"wp:featuredmedia":[{"embeddable":true,"href":"https:\/\/www.egemtv.com\/index.php?rest_route=\/wp\/v2\/media\/18927"}],"wp:attachment":[{"href":"https:\/\/www.egemtv.com\/index.php?rest_route=%2Fwp%2Fv2%2Fmedia&parent=18926"}],"wp:term":[{"taxonomy":"category","embeddable":true,"href":"https:\/\/www.egemtv.com\/index.php?rest_route=%2Fwp%2Fv2%2Fcategories&post=18926"},{"taxonomy":"post_tag","embeddable":true,"href":"https:\/\/www.egemtv.com\/index.php?rest_route=%2Fwp%2Fv2%2Ftags&post=18926"}],"curies":[{"name":"wp","href":"https:\/\/api.w.org\/{rel}","templated":true}]}}