{"id":18923,"date":"2025-02-14T14:41:13","date_gmt":"2025-02-14T11:41:13","guid":{"rendered":"https:\/\/www.egemtv.com\/?p=18923"},"modified":"2025-02-14T14:41:17","modified_gmt":"2025-02-14T11:41:17","slug":"cuma-hutbesinde-mahremiyet-vurgusu","status":"publish","type":"post","link":"https:\/\/www.egemtv.com\/?p=18923","title":{"rendered":"Cuma hutbesinde &#8220;mahremiyet&#8221; vurgusu"},"content":{"rendered":"<p>Diyanet \u0130\u015fleri Ba\u015fkanl\u0131\u011f\u0131 taraf\u0131ndan Cuma hutbesinin bu haftaki konusu &#8220;Mahremiyet, insan\u0131 sayg\u0131n k\u0131lar&#8221; olurken, hutbede mahremiyetin \u00f6nemine dikkat \u00e7ekildi.<br \/>\n<br \/>Bu haftaki Cuma namaz\u0131nda, hutbenin konusu yayg\u0131nla\u015fan sosyal medya kullan\u0131m\u0131 ile adeta yok olmaya y\u00fcz tutan aile ve \u00f6zel ya\u015famdaki mahremiyetin korunmas\u0131n\u0131n \u00f6nemine de\u011finildi. Her insan\u0131n do\u011fu\u015ftan sahip oldu\u011fu vazge\u00e7ilmez temel haklar\u0131ndan birinin de mahremiyet oldu\u011funa dikkat \u00e7ekilen hutbede evlerin kap\u0131lar\u0131n\u0131n kilitli, perdelerinin \u00f6rt\u00fcl\u00fc oldu\u011fu zamanlardan, insanlar\u0131n, ailesinin veya tan\u0131mad\u0131\u011f\u0131 kimselerin mahremlerini rahatl\u0131kla payla\u015ft\u0131\u011f\u0131 bir d\u00f6neme gelindi\u011fi ve sorunun her ge\u00e7en g\u00fcn b\u00fcy\u00fcd\u00fc\u011f\u00fc belirtildi.<br \/>\n<br \/>&#8220;Gen\u00e7ler yuva kurmaktan korkar oldu&#8221;<br \/>\n<br \/>Hutbede, &#8220;Milli ve manevi de\u011ferlerimizi korumas\u0131 ve yar\u0131nlara ta\u015f\u0131mas\u0131 gereken televizyon, radyo, gazete ve sosyal medya gibi ileti\u015fim ara\u00e7lar\u0131n\u0131n bir k\u0131sm\u0131 maalesef, k\u00f6t\u00fcl\u00fc\u011f\u00fcn yayg\u0131nla\u015fmas\u0131na, zina, alkol ve kumar gibi haramlar\u0131n normalle\u015fmesine zemin haz\u0131rlamaktad\u0131r. Baz\u0131 diziler, \u00e7izgi filmler ve reklamlar arac\u0131l\u0131\u011f\u0131yla bedenin te\u015fhiri te\u015fvik edilmekte, ahlaki sapk\u0131nl\u0131klar ve cinsiyetsizle\u015ftirme \u00f6zendirilmektedir. Ekranlardaki g\u00fcnd\u00fcz programlar\u0131 ise mahremiyet s\u0131n\u0131rlar\u0131n\u0131n ihlal edildi\u011fi, tart\u0131\u015fma ve kavgalarla aile ba\u011flar\u0131n\u0131n zay\u0131flat\u0131ld\u0131\u011f\u0131, aile i\u00e7inde kalmas\u0131 gereken bilgilerin toplumun \u00f6n\u00fcnde g\u00fcnlerce konu\u015fuldu\u011fu bir mecraya d\u00f6n\u00fc\u015fmektedir. B\u00fct\u00fcn bu durumlar; en k\u0131ymetli hazinemiz olan aile kurumuna zarar vermekte, \u00f6zellikle de gen\u00e7lerimizi yuva kurmaktan korkar hale getirmektedir. Aile \u00fcyeleri aras\u0131nda yeni tart\u0131\u015fmalara, toplumda g\u00fcven duygusunun azalmas\u0131na zemin haz\u0131rlamaktad\u0131r. Hay\u00e2, iffet ve edep gibi bizi biz yapan ahlaki ve insan\u00ee de\u011ferlerin a\u015f\u0131nmas\u0131na yol a\u00e7maktad\u0131r. Evlerin kap\u0131lar\u0131n\u0131n kilitli, perdelerinin \u00f6rt\u00fcl\u00fc oldu\u011fu zamanlardan; insanlar\u0131n, ailesinin veya tan\u0131mad\u0131\u011f\u0131 kimselerin mahremlerini rahatl\u0131kla payla\u015ft\u0131\u011f\u0131 bir d\u00f6neme geldik maalesef. B\u00f6ylesi bir \u00e7a\u011fda herkesin daha fazla duyarl\u0131 olma ve sorumluluklar\u0131n\u0131 yerine getirme mecburiyeti vard\u0131r. Ekranlar, daha fazla izlenme ve daha fazla reyting alma u\u011fruna k\u00f6t\u00fcl\u00fcklerin yay\u0131lmas\u0131na sebebiyet vermemelidir. Herkes, geli\u015fim seviyelerine uygun bir \u00fcslup ve \u00f6rnek davran\u0131\u015flarla \u00e7ocuklar\u0131na mahremiyet bilinci kazand\u0131rmal\u0131d\u0131r. Sosyal medyada be\u011feni almak, takip\u00e7i art\u0131rmak ve maddi kazan\u00e7 elde etmek u\u011fruna mahremiyeti ihlal eden payla\u015f\u0131mlar yapmaktan sak\u0131nmal\u0131d\u0131r. Herkes, insanlar\u0131n \u00f6zel hayatlar\u0131n\u0131 ara\u015ft\u0131rmaktan, onlarla ilgili yorum yapmaktan ka\u00e7\u0131nmal\u0131d\u0131r. Dijital mecralarda mahremiyeti dikkate almadan ge\u00e7irdi\u011fi vakitlerin, d\u00fcnyas\u0131na ve ahiretine zarar verdi\u011fini unutmamal\u0131d\u0131r&#8221; ifadelerine yer verildi.<br \/><\/p>\n","protected":false},"excerpt":{"rendered":"<p>Diyanet \u0130\u015fleri Ba\u015fkanl\u0131\u011f\u0131 taraf\u0131ndan Cuma hutbesinin bu haftaki konusu &#8220;Mahremiyet, insan\u0131 sayg\u0131n k\u0131lar&#8221; olurken, hutbede mahremiyetin \u00f6nemine dikkat \u00e7ekildi. Bu haftaki Cuma namaz\u0131nda, hutbenin konusu yayg\u0131nla\u015fan sosyal medya kullan\u0131m\u0131 ile adeta yok olmaya y\u00fcz tutan aile ve \u00f6zel ya\u015famdaki mahremiyetin korunmas\u0131n\u0131n \u00f6nemine de\u011finildi. Her insan\u0131n do\u011fu\u015ftan sahip oldu\u011fu vazge\u00e7ilmez temel haklar\u0131ndan birinin de mahremiyet oldu\u011funa&#8230;<\/p>\n","protected":false},"author":1,"featured_media":18924,"comment_status":"open","ping_status":"open","sticky":false,"template":"","format":"standard","meta":{"_crdt_document":"","footnotes":""},"categories":[1],"tags":[],"class_list":["post-18923","post","type-post","status-publish","format-standard","has-post-thumbnail","hentry","category-guncel"],"_links":{"self":[{"href":"https:\/\/www.egemtv.com\/index.php?rest_route=\/wp\/v2\/posts\/18923","targetHints":{"allow":["GET"]}}],"collection":[{"href":"https:\/\/www.egemtv.com\/index.php?rest_route=\/wp\/v2\/posts"}],"about":[{"href":"https:\/\/www.egemtv.com\/index.php?rest_route=\/wp\/v2\/types\/post"}],"author":[{"embeddable":true,"href":"https:\/\/www.egemtv.com\/index.php?rest_route=\/wp\/v2\/users\/1"}],"replies":[{"embeddable":true,"href":"https:\/\/www.egemtv.com\/index.php?rest_route=%2Fwp%2Fv2%2Fcomments&post=18923"}],"version-history":[{"count":1,"href":"https:\/\/www.egemtv.com\/index.php?rest_route=\/wp\/v2\/posts\/18923\/revisions"}],"predecessor-version":[{"id":18925,"href":"https:\/\/www.egemtv.com\/index.php?rest_route=\/wp\/v2\/posts\/18923\/revisions\/18925"}],"wp:featuredmedia":[{"embeddable":true,"href":"https:\/\/www.egemtv.com\/index.php?rest_route=\/wp\/v2\/media\/18924"}],"wp:attachment":[{"href":"https:\/\/www.egemtv.com\/index.php?rest_route=%2Fwp%2Fv2%2Fmedia&parent=18923"}],"wp:term":[{"taxonomy":"category","embeddable":true,"href":"https:\/\/www.egemtv.com\/index.php?rest_route=%2Fwp%2Fv2%2Fcategories&post=18923"},{"taxonomy":"post_tag","embeddable":true,"href":"https:\/\/www.egemtv.com\/index.php?rest_route=%2Fwp%2Fv2%2Ftags&post=18923"}],"curies":[{"name":"wp","href":"https:\/\/api.w.org\/{rel}","templated":true}]}}