{"id":18920,"date":"2025-02-14T14:41:07","date_gmt":"2025-02-14T11:41:07","guid":{"rendered":"https:\/\/www.egemtv.com\/?p=18920"},"modified":"2025-02-14T14:41:13","modified_gmt":"2025-02-14T11:41:13","slug":"bakan-ersoy-afyonkarahisarda-kutuphane-acilisi-yapti","status":"publish","type":"post","link":"https:\/\/www.egemtv.com\/?p=18920","title":{"rendered":"Bakan Ersoy, Afyonkarahisar\u2019da k\u00fct\u00fcphane a\u00e7\u0131l\u0131\u015f\u0131 yapt\u0131"},"content":{"rendered":"<p>\u00c7e\u015fitli ziyaretler ve temaslarda bulunmak \u00fczere Afyonkarahisar\u2019a gelen K\u00fclt\u00fcr ve Turizm Bakan\u0131 Mehmet Nuri Ersoy, Gedik Ahmet Pa\u015fa \u0130l Halk K\u00fct\u00fcphanesi\u2019nin a\u00e7\u0131l\u0131\u015f\u0131n\u0131 yapt\u0131.<br \/>\n<br \/>Bakan Ersoy, ilk olarak Afyonkarahisar Valisi Do\u00e7. Dr. K\u00fcbra G\u00fcran Yi\u011fitba\u015f\u0131 ile bas\u0131na kapal\u0131 bir g\u00f6r\u00fc\u015fme ger\u00e7ekle\u015ftirdi. Afyonkarahisar Zafer Meydan\u0131\u2019nda bulunan Gedik Ahmet Pa\u015fa \u0130l Halk K\u00fct\u00fcphanesi\u2019nin a\u00e7\u0131l\u0131\u015f\u0131n\u0131 ger\u00e7ekle\u015ftirilen Bakan Ersoy, k\u00fct\u00fcphanenin kente hay\u0131rl\u0131 olmas\u0131n\u0131 diledi. A\u00e7\u0131l\u0131\u015fta Ersoy\u2019a Afyonkarahisar Valisi Do\u00e7. Dr. K\u00fcbra G\u00fcran Yi\u011fitba\u015f\u0131 da e\u015flik etti. K\u00fct\u00fcphane i\u00e7erisinde b\u00f6l\u00fcmleri gezen Bakan Ersoy, \u00e7ocuk oyun ve e\u011fitim alan\u0131nda \u00e7ocuklarla sohbet etti. \u00c7ocuklara hediyeler veren Ersoy daha sonra k\u00fct\u00fcphanenin di\u011fer b\u00f6l\u00fcmlerini ziyaret etti. K\u00fct\u00fcphane i\u015fleyi\u015fi hakk\u0131nda yetkililerden bilgi alan Ersoy, a\u00e7\u0131l\u0131\u015f kurdelesini keserek k\u00fct\u00fcphanenin Afyonkarahisar\u2019a hay\u0131rl\u0131 olmas\u0131n\u0131 temenni etti.<br \/>\n<br \/>Bakan Ersoy, k\u00fct\u00fcphane a\u00e7\u0131l\u0131\u015f\u0131n\u0131n ard\u0131ndan Ayazini\u2019ye giderek Ayazini Kapal\u0131 Alan Kar\u015f\u0131lama Merkezi\u2019ni ziyaret etti.<br \/><\/p>\n","protected":false},"excerpt":{"rendered":"<p>\u00c7e\u015fitli ziyaretler ve temaslarda bulunmak \u00fczere Afyonkarahisar\u2019a gelen K\u00fclt\u00fcr ve Turizm Bakan\u0131 Mehmet Nuri Ersoy, Gedik Ahmet Pa\u015fa \u0130l Halk K\u00fct\u00fcphanesi\u2019nin a\u00e7\u0131l\u0131\u015f\u0131n\u0131 yapt\u0131. Bakan Ersoy, ilk olarak Afyonkarahisar Valisi Do\u00e7. Dr. K\u00fcbra G\u00fcran Yi\u011fitba\u015f\u0131 ile bas\u0131na kapal\u0131 bir g\u00f6r\u00fc\u015fme ger\u00e7ekle\u015ftirdi. Afyonkarahisar Zafer Meydan\u0131\u2019nda bulunan Gedik Ahmet Pa\u015fa \u0130l Halk K\u00fct\u00fcphanesi\u2019nin a\u00e7\u0131l\u0131\u015f\u0131n\u0131 ger\u00e7ekle\u015ftirilen Bakan Ersoy, k\u00fct\u00fcphanenin&#8230;<\/p>\n","protected":false},"author":1,"featured_media":18921,"comment_status":"open","ping_status":"open","sticky":false,"template":"","format":"standard","meta":{"_crdt_document":"","footnotes":""},"categories":[1],"tags":[],"class_list":["post-18920","post","type-post","status-publish","format-standard","has-post-thumbnail","hentry","category-guncel"],"_links":{"self":[{"href":"https:\/\/www.egemtv.com\/index.php?rest_route=\/wp\/v2\/posts\/18920","targetHints":{"allow":["GET"]}}],"collection":[{"href":"https:\/\/www.egemtv.com\/index.php?rest_route=\/wp\/v2\/posts"}],"about":[{"href":"https:\/\/www.egemtv.com\/index.php?rest_route=\/wp\/v2\/types\/post"}],"author":[{"embeddable":true,"href":"https:\/\/www.egemtv.com\/index.php?rest_route=\/wp\/v2\/users\/1"}],"replies":[{"embeddable":true,"href":"https:\/\/www.egemtv.com\/index.php?rest_route=%2Fwp%2Fv2%2Fcomments&post=18920"}],"version-history":[{"count":1,"href":"https:\/\/www.egemtv.com\/index.php?rest_route=\/wp\/v2\/posts\/18920\/revisions"}],"predecessor-version":[{"id":18922,"href":"https:\/\/www.egemtv.com\/index.php?rest_route=\/wp\/v2\/posts\/18920\/revisions\/18922"}],"wp:featuredmedia":[{"embeddable":true,"href":"https:\/\/www.egemtv.com\/index.php?rest_route=\/wp\/v2\/media\/18921"}],"wp:attachment":[{"href":"https:\/\/www.egemtv.com\/index.php?rest_route=%2Fwp%2Fv2%2Fmedia&parent=18920"}],"wp:term":[{"taxonomy":"category","embeddable":true,"href":"https:\/\/www.egemtv.com\/index.php?rest_route=%2Fwp%2Fv2%2Fcategories&post=18920"},{"taxonomy":"post_tag","embeddable":true,"href":"https:\/\/www.egemtv.com\/index.php?rest_route=%2Fwp%2Fv2%2Ftags&post=18920"}],"curies":[{"name":"wp","href":"https:\/\/api.w.org\/{rel}","templated":true}]}}