{"id":18908,"date":"2025-02-14T14:31:09","date_gmt":"2025-02-14T11:31:09","guid":{"rendered":"https:\/\/www.egemtv.com\/?p=18908"},"modified":"2025-02-14T14:31:14","modified_gmt":"2025-02-14T11:31:14","slug":"aliaga-ege-bolgesinin-dis-ticaret-kapisi-oldu","status":"publish","type":"post","link":"https:\/\/www.egemtv.com\/?p=18908","title":{"rendered":"Alia\u011fa, Ege B\u00f6lgesi\u2019nin d\u0131\u015f ticaret kap\u0131s\u0131 oldu"},"content":{"rendered":"<p>Alia\u011fa, g\u00fc\u00e7l\u00fc sanayi altyap\u0131s\u0131 ve nitelikli liman tesisleriyle, Ege B\u00f6lgesi\u2019ndeki sanayi \u00fcretimini k\u00fcresel pazarlara ba\u011flayarak T\u00fcrkiye ekonomisinde \u00f6nemli bir rol oynamaya devam ediyor.<br \/>\n<br \/>Ege B\u00f6lgesi\u2019nde sanayinin ve deniz ticaretinin merkezi konumunda olan Alia\u011fa; \u0130zmir, Manisa ve Ayd\u0131n ba\u015fta olmak \u00fczere Bat\u0131 Anadolu\u2019nun d\u0131\u015f ticaret merkezi oldu.<\/p>\n<p>2024\u2019te 35,8 milyar dolar d\u0131\u015f ticaret hacmi ger\u00e7ekle\u015fti<br \/>\n<br \/>Ege \u0130hracat\u00e7\u0131lar Birliklerinden (E\u0130B) elde edilen verilere g\u00f6re ihracat, 2024 y\u0131l\u0131nda 21 milyar 256 milyon dolar olarak ger\u00e7ekle\u015fti. T\u00fcrkiye \u0130statistik Kurumu\u2019ndan (T\u00dc\u0130K) elde edilen verilere g\u00f6re ithalat ise 2024 y\u0131l\u0131nda 14 milyar 565 milyon dolar olarak ger\u00e7ekle\u015fti. B\u00f6ylece 2024 y\u0131l\u0131 itibariyle Alia\u011fa limanlar\u0131ndan ger\u00e7ekle\u015fen toplam d\u0131\u015f ticaret hacmi 35 milyar 822 milyon dolar oldu.<\/p>\n<p>En fazla ihracat \u2018kimyevi maddeler\u2019de<br \/>\n<br \/>2024 y\u0131l\u0131nda Alia\u011fa limanlar\u0131ndan en fazla ihracat yap\u0131lan fas\u0131l 6 milyar 591 milyon dolarla \u2018kimyevi maddeler ve mamulleri\u2019 oldu. Kimyevi maddeler ve mamullerini 2 milyar 675 milyon dolarla \u2018elektrik-elektronik\u2019 \u00fcr\u00fcnleri ve 2 milyar 326 milyon dolar ile \u2018\u00e7elik\u2019 \u00fcr\u00fcnleri takip etti.<\/p>\n<p>Alia\u011fa limanlar\u0131 Bat\u0131 ve \u0130\u00e7 Anadolulu sanayicilerin d\u00fcnya ile ba\u011flant\u0131 kurdu\u011fu \u00f6nemli bir hub<br \/>\n<br \/>Alia\u011fa limanlar\u0131n\u0131n 2024 y\u0131l\u0131 d\u0131\u015f ticaret verilerini de\u011ferlendiren Alia\u011fa Ticaret Odas\u0131 Y\u00f6netim Kurulu Ba\u015fkan\u0131 \u00d6mer Ert\u00fcrk, Alia\u011fa limanlar\u0131n\u0131n yaln\u0131zca b\u00f6lgenin de\u011fil, \u00fclkenin d\u0131\u015f ticaret merkezi olma rol\u00fcnde ba\u015far\u0131s\u0131n\u0131 art\u0131rd\u0131\u011f\u0131n\u0131 ifade ederek, &#8220;Ege B\u00f6lgesi\u2019nin toplam ihracat\u0131n\u0131n y\u00fczde 58\u2019i, T\u00fcrkiye\u2019nin ihracat\u0131n\u0131n ise y\u00fczde 8,1\u2019i Alia\u011fa limanlar\u0131ndan ger\u00e7ekle\u015fiyor. Ege B\u00f6lgesi\u2019nin toplam ithalat\u0131n\u0131n y\u00fczde 51\u2019i, T\u00fcrkiye\u2019nin ithalat\u0131n\u0131n ise y\u00fczde 4,2\u2019si Alia\u011fa\u2019dan ger\u00e7ekle\u015fiyor. Ege B\u00f6lgesi\u2019nin toplam d\u0131\u015f ticaretinin y\u00fczde 55\u2019i, T\u00fcrkiye\u2019nin d\u0131\u015f ticaretinin de y\u00fczde 5,9\u2019u yine Alia\u011fa\u2019dan ger\u00e7ekle\u015fiyor. Alia\u011fa olarak 8 y\u0131ld\u0131r d\u0131\u015f ticaret fazlas\u0131 vermeye devam ediyoruz. 2024\u2019te b\u00f6lgemizde ihracat\u0131n ithalat\u0131 kar\u015f\u0131lama oran\u0131 da y\u00fczde 149 olarak ger\u00e7ekle\u015fti. \u0130leriye d\u00f6n\u00fck projeksiyonlar Alia\u011fa b\u00f6lgesinin limanc\u0131l\u0131kta 2050 y\u0131l\u0131na kadar T\u00fcrkiye ve d\u00fcnya ortalamas\u0131n\u0131n \u00fczerinde b\u00fcy\u00fcmeye devam edece\u011fine i\u015faret ediyor. Alia\u011fa \u00fcretim, ticaret ve ihracat\u0131n en aktif oldu\u011fu \u00e7evre iller ba\u015fta olmak \u00fczere t\u00fcm Bat\u0131 Anadolu ve baz\u0131 \u0130\u00e7 Anadolu illerinde bulunan sanayicilerin d\u00fcnya ile ba\u011flant\u0131 kurdu\u011fu bir hub haline geldi. Otoritelerin de \u00f6n g\u00f6rd\u00fc\u011f\u00fc gibi Alia\u011fa\u2019n\u0131n T\u00fcrkiye ekonomisine sanayi, \u00fcretim, istihdam ve ihracata olarak katk\u0131s\u0131 her y\u0131l h\u0131zla art\u0131yor, artmaya da devam edecek&#8221; dedi.<\/p>\n<p>Alia\u011fa\u2019daki potansiyel yat\u0131r\u0131mc\u0131lar\u0131n dikkatini b\u00f6lgeye \u00e7ekmi\u015f durumda<br \/>\n<br \/>Alia\u011fa\u2019n\u0131n mevcut ekonomik ve jeostratejik potansiyeli ile istihdam\u0131n, \u00fcretimin ve ticaretin merkezi konumunda ilerledi\u011fini belirten Ba\u015fkan Ert\u00fcrk, &#8220;Alia\u011fa limanlar\u0131 son 15 y\u0131lda \u00f6nemli yat\u0131r\u0131mlara ev sahipli\u011fi yaparak bu alanda T\u00fcrkiye\u2019nin en h\u0131zl\u0131 b\u00fcy\u00fcyen b\u00f6lgesi oldu. Alia\u011fa limanlar\u0131 T\u00fcrkiye\u2019de en fazla y\u00fck elle\u00e7lemesini yapan liman\u0131, konteynerde T\u00fcrkiye genelinde \u00fc\u00e7\u00fcnc\u00fc, gelen gemi say\u0131s\u0131nda ise ikinci konumda. Alia\u011fa, \u00fclkenin demir \u00e7elik ihtiyac\u0131n\u0131n y\u00fczde 25\u2019ini tek ba\u015f\u0131na kar\u015f\u0131l\u0131yor. Yine \u00fclkemizin i\u015flenmi\u015f petrol \u00fcr\u00fcnleri ihtiyac\u0131n\u0131n yakla\u015f\u0131k y\u00fczde 50\u2019i Alia\u011fa\u2019daki rafinerilerden kar\u015f\u0131lan\u0131yor. Alia\u011fa enerji alan\u0131nda da b\u00fcy\u00fck bir g\u00fc\u00e7 konumunda. Konvansiyonel enerji \u00fcretiminde g\u00fc\u00e7l\u00fc oldu\u011fu kadar, yenilenebilir enerji \u00fcretiminde de gerek r\u00fczgar gerekse de g\u00fcne\u015f santralleri ile \u00f6nemli bir \u00fcretim kapasitesine sahip. Ayn\u0131 zamanda limanlar b\u00f6lgesinde lojistik hareketlerin bir par\u00e7as\u0131 olan hububat depolamas\u0131 ve antrepo hizmetleri noktas\u0131nda b\u00f6lgedeki lojistik s\u00fcre\u00e7lere destek sa\u011flayan i\u015fletmeler b\u00f6lge ticaretinde b\u00fcy\u00fck \u00f6nem ta\u015f\u0131yor. B\u00f6lgenin limanc\u0131l\u0131k, hammadde ve \u00fcretim kapasitesi a\u00e7\u0131s\u0131ndan ta\u015f\u0131d\u0131\u011f\u0131 potansiyel yat\u0131r\u0131mc\u0131lar\u0131n da dikkatini b\u00f6lgeye \u00e7ekmi\u015f durumda. T\u00fcm bu geli\u015fmeler neticesinde yat\u0131r\u0131mlar\u0131n da rotas\u0131 Alia\u011fa ve \u00e7evre b\u00f6lgesine odakland\u0131&#8221; diye konu\u015ftu.<\/p>\n<p>&#8220;Sorunlar\u0131n par\u00e7ac\u0131l \u00e7\u00f6z\u00fcmlerle de\u011fil b\u00fct\u00fcnc\u00fcl bir anlay\u0131\u015fla \u00e7\u00f6z\u00fclmesi gerekiyor&#8221;<br \/>\n<br \/>Alia\u011fa\u2019n\u0131n, b\u00f6lgenin ve T\u00fcrkiye\u2019nin en \u00f6nemli sanayi ve lojistik merkezlerinden biri konumunda olmas\u0131na ra\u011fmen \u00e7\u00f6z\u00fcm bekleyen sorunlar\u0131 oldu\u011funun da alt\u0131n\u0131 \u00e7izen Ba\u015fkan Ert\u00fcrk, &#8220;Limanlar b\u00f6lgemizin \u00f6n\u00fcm\u00fczdeki 40-50 y\u0131ll\u0131k lojistik ihtiya\u00e7lar\u0131na cevap verecek noktaya getirmemiz gerekiyor. Bug\u00fcne kadar palyatif ve b\u00fct\u00fcnc\u00fcl olmayan par\u00e7ac\u0131l \u00e7\u00f6z\u00fcmlerle s\u00fcre\u00e7 ilerledi. S\u00f6z konusu sorunlar\u0131n par\u00e7ac\u0131l \u00e7\u00f6z\u00fcmlerle de\u011fil b\u00fct\u00fcnc\u00fcl bir anlay\u0131\u015fla \u00e7\u00f6z\u00fclmesi gerekiyor. Yapaca\u011f\u0131m\u0131z \u00e7al\u0131\u015fmalarla hem firmalar\u0131m\u0131z\u0131n kapasitesi, i\u015f alanlar\u0131 arts\u0131n hem de lojistikte istihdam\u0131 art\u0131rarak maliyetleri d\u00fc\u015f\u00fcrelim. Alia\u011fa\u2019n\u0131n hinterland\u0131 \u00e7ok geni\u015f. Bir\u00e7ok kentten sanayiciler, \u00fcrettikleri \u00fcr\u00fcnleri Alia\u011fa\u2019dan \u00e7\u0131karmaya \u00e7al\u0131\u015f\u0131yor. \u00c7\u00fcnk\u00fc biz \u00fclkenin en \u00f6nemli giri\u015f ve \u00e7\u0131k\u0131\u015f kap\u0131lar\u0131ndan biriyiz. Ama b\u00f6lgemizdeki ula\u015f\u0131m a\u011f\u0131n\u0131n var olan yo\u011funlu\u011fa cevap verememesi sa\u011flayabilece\u011fimiz hizmetleri k\u0131s\u0131tl\u0131yor. Liman ve sanayi geri hizmet alanlar\u0131m\u0131z planl\u0131 bir \u015fekilde geli\u015fmeli. B\u00f6lge sanayicilerimizin ihtiya\u00e7 duydu\u011fu hizmeti vermekte zorlan\u0131rken, \u0130zmir d\u0131\u015f\u0131ndan gelenlere bu hizmetleri sunmakta \u00e7ok daha fazla zorlan\u0131yoruz. Bu sorunlar\u0131 a\u015fmak i\u00e7in baz\u0131 plan de\u011fi\u015fiklikleri yapmam\u0131z ve baz\u0131 lojistik aksakl\u0131klar\u0131 a\u015fmam\u0131z gerekiyor. B\u00f6lgede yetkili t\u00fcm kurum ve kurulu\u015flarla diyalog halinde, \u00e7\u00f6z\u00fcm odakl\u0131 bir yakla\u015f\u0131mla bu sorunlar\u0131 a\u015fabilece\u011fimize inan\u0131yoruz&#8221; dedi.<br \/><\/p>\n","protected":false},"excerpt":{"rendered":"<p>Alia\u011fa, g\u00fc\u00e7l\u00fc sanayi altyap\u0131s\u0131 ve nitelikli liman tesisleriyle, Ege B\u00f6lgesi\u2019ndeki sanayi \u00fcretimini k\u00fcresel pazarlara ba\u011flayarak T\u00fcrkiye ekonomisinde \u00f6nemli bir rol oynamaya devam ediyor. Ege B\u00f6lgesi\u2019nde sanayinin ve deniz ticaretinin merkezi konumunda olan Alia\u011fa; \u0130zmir, Manisa ve Ayd\u0131n ba\u015fta olmak \u00fczere Bat\u0131 Anadolu\u2019nun d\u0131\u015f ticaret merkezi oldu. 2024\u2019te 35,8 milyar dolar d\u0131\u015f ticaret hacmi ger\u00e7ekle\u015fti Ege&#8230;<\/p>\n","protected":false},"author":1,"featured_media":18909,"comment_status":"open","ping_status":"open","sticky":false,"template":"","format":"standard","meta":{"_crdt_document":"","footnotes":""},"categories":[125],"tags":[],"class_list":["post-18908","post","type-post","status-publish","format-standard","has-post-thumbnail","hentry","category-ekonomi"],"_links":{"self":[{"href":"https:\/\/www.egemtv.com\/index.php?rest_route=\/wp\/v2\/posts\/18908","targetHints":{"allow":["GET"]}}],"collection":[{"href":"https:\/\/www.egemtv.com\/index.php?rest_route=\/wp\/v2\/posts"}],"about":[{"href":"https:\/\/www.egemtv.com\/index.php?rest_route=\/wp\/v2\/types\/post"}],"author":[{"embeddable":true,"href":"https:\/\/www.egemtv.com\/index.php?rest_route=\/wp\/v2\/users\/1"}],"replies":[{"embeddable":true,"href":"https:\/\/www.egemtv.com\/index.php?rest_route=%2Fwp%2Fv2%2Fcomments&post=18908"}],"version-history":[{"count":1,"href":"https:\/\/www.egemtv.com\/index.php?rest_route=\/wp\/v2\/posts\/18908\/revisions"}],"predecessor-version":[{"id":18910,"href":"https:\/\/www.egemtv.com\/index.php?rest_route=\/wp\/v2\/posts\/18908\/revisions\/18910"}],"wp:featuredmedia":[{"embeddable":true,"href":"https:\/\/www.egemtv.com\/index.php?rest_route=\/wp\/v2\/media\/18909"}],"wp:attachment":[{"href":"https:\/\/www.egemtv.com\/index.php?rest_route=%2Fwp%2Fv2%2Fmedia&parent=18908"}],"wp:term":[{"taxonomy":"category","embeddable":true,"href":"https:\/\/www.egemtv.com\/index.php?rest_route=%2Fwp%2Fv2%2Fcategories&post=18908"},{"taxonomy":"post_tag","embeddable":true,"href":"https:\/\/www.egemtv.com\/index.php?rest_route=%2Fwp%2Fv2%2Ftags&post=18908"}],"curies":[{"name":"wp","href":"https:\/\/api.w.org\/{rel}","templated":true}]}}